{"id":990,"date":"2021-01-07T13:03:53","date_gmt":"2021-01-07T12:03:53","guid":{"rendered":"http:\/\/ruhmundelend.de\/Blog\/?p=990"},"modified":"2021-01-07T13:03:53","modified_gmt":"2021-01-07T12:03:53","slug":"notizen-aus-dem-reihenhaeuschen-vergeben-und-verzeihen","status":"publish","type":"post","link":"http:\/\/ruhmundelend.de\/Blog\/2021\/01\/07\/notizen-aus-dem-reihenhaeuschen-vergeben-und-verzeihen\/","title":{"rendered":"Notizen aus dem Reihenh\u00e4uschen \u2013 Vergeben und verzeihen"},"content":{"rendered":"<p><span style=\"color: #000000;\">Wir werden uns viel zu verzeihen haben, sagte am Anfang der Pandemie Jens Spahn. Fast ein Jahr sp\u00e4ter h\u00f6re ich in der WDR Mediathek einen Podcast zum Thema Verzeihen. Die Expertin, eine echte Philosophie Professorin, erkl\u00e4rt, dass wir immer ein Unrecht zu verzeihen haben, ein Unrecht, was uns pers\u00f6nlich zugef\u00fcgt wurde. \u201eVerzeihen hei\u00dft, ein erlebtes Unrecht vergeben\u201c, sagt sie mit einem im Radio nicht zu sehenden erhobenen Zeigefinger. Das hat sie an kleinen Unrechtsverst\u00f6\u00dfen im Alltag untersucht, ein Buch sogar dar\u00fcber geschrieben. <\/span><\/p>\n<p><span style=\"color: #000000;\">Auch der Radiomoderator, MC J\u00fcrgen Wiebicke, will was sagen. Er wei\u00df von Situationen, wo das Opfer dem T\u00e4ter vergeben will, dieser aber sich gar keiner Schuld bewusst ist. Manchmal ist es nur die Hafermilch, die man vom Supermarkt mitbringen sollte und vergessen hat. Ein anderes Mal ist es vielleicht der geheimnisvolle, neue Nachbar, der wirklich jedwedes Geschlecht und auch Tier den Kopf verdreht. Sogar die r\u00e4udigste Katze der Stra\u00dfe schnurrt sich den Bart zottelig, wenn des Nachbars Schatten \u00fcber den Asphalt f\u00e4llt. <\/span><\/p>\n<p><span style=\"color: #000000;\">Wir werden uns viel zu verzeihen haben, dachten damals alle. \u201eAber war es denn wirklich Unrecht?\u201c, s\u00e4uselte der Eine, mauzte eine Andere. Und sie dachten jeder kurz an den Keller des geheimnisvollen Gegen\u00fcber. Das hatten sie alle nicht unter dem Haus vermutet. Stundenlang qu\u00e4lte er hier, quiekten sie dort. Zuckerbrot und Peitsche. Wenn das der Partner, die Frau, die Kita M\u00fctter oder die Nachbarn w\u00fcssten? Sie h\u00e4tte sich alle viel zu verzeihen. Aber Unrecht? <\/span><\/p>\n","protected":false},"excerpt":{"rendered":"<p>Wir werden uns viel zu verzeihen haben, sagte am Anfang der Pandemie Jens Spahn. Fast ein Jahr sp\u00e4ter h\u00f6re ich in der WDR Mediathek einen Podcast zum Thema Verzeihen. Die Expertin, eine echte Philosophie Professorin, erkl\u00e4rt, dass wir immer ein Unrecht zu verzeihen haben, ein Unrecht, was uns pers\u00f6nlich zugef\u00fcgt wurde. \u201eVerzeihen hei\u00dft, ein erlebtes [&hellip;]<\/p>\n","protected":false},"author":1,"featured_media":0,"comment_status":"open","ping_status":"open","sticky":false,"template":"","format":"standard","meta":{"footnotes":""},"categories":[1],"tags":[],"class_list":["post-990","post","type-post","status-publish","format-standard","hentry","category-allgemein"],"_links":{"self":[{"href":"http:\/\/ruhmundelend.de\/Blog\/wp-json\/wp\/v2\/posts\/990"}],"collection":[{"href":"http:\/\/ruhmundelend.de\/Blog\/wp-json\/wp\/v2\/posts"}],"about":[{"href":"http:\/\/ruhmundelend.de\/Blog\/wp-json\/wp\/v2\/types\/post"}],"author":[{"embeddable":true,"href":"http:\/\/ruhmundelend.de\/Blog\/wp-json\/wp\/v2\/users\/1"}],"replies":[{"embeddable":true,"href":"http:\/\/ruhmundelend.de\/Blog\/wp-json\/wp\/v2\/comments?post=990"}],"version-history":[{"count":1,"href":"http:\/\/ruhmundelend.de\/Blog\/wp-json\/wp\/v2\/posts\/990\/revisions"}],"predecessor-version":[{"id":991,"href":"http:\/\/ruhmundelend.de\/Blog\/wp-json\/wp\/v2\/posts\/990\/revisions\/991"}],"wp:attachment":[{"href":"http:\/\/ruhmundelend.de\/Blog\/wp-json\/wp\/v2\/media?parent=990"}],"wp:term":[{"taxonomy":"category","embeddable":true,"href":"http:\/\/ruhmundelend.de\/Blog\/wp-json\/wp\/v2\/categories?post=990"},{"taxonomy":"post_tag","embeddable":true,"href":"http:\/\/ruhmundelend.de\/Blog\/wp-json\/wp\/v2\/tags?post=990"}],"curies":[{"name":"wp","href":"https:\/\/api.w.org\/{rel}","templated":true}]}}