{"id":986,"date":"2021-01-06T18:06:07","date_gmt":"2021-01-06T17:06:07","guid":{"rendered":"http:\/\/ruhmundelend.de\/Blog\/?p=986"},"modified":"2021-01-06T18:20:30","modified_gmt":"2021-01-06T17:20:30","slug":"notizen-aus-dem-reihenhaeuschen-das-kind-glotzt-tv","status":"publish","type":"post","link":"http:\/\/ruhmundelend.de\/Blog\/2021\/01\/06\/notizen-aus-dem-reihenhaeuschen-das-kind-glotzt-tv\/","title":{"rendered":"Notizen aus dem Reihenh\u00e4uschen &#8211; Das Kind glotzt TV"},"content":{"rendered":"<p><span style=\"color: #000000;\">\u201e<span style=\"font-size: medium;\">Mein Kind guckt kein Fernsehen\u201c<\/span>, sagt Jana, die Mutter von den L\u00f6wenm\u00e4ulchen Juno und Jano . \u201eRespekt\u201c, sage ich. \u201eMeins schon.\u201c Gl\u00fccklicherweise ja eher die Regel als die Ausnahme, sich mit einer Netflix-Staffel Bibi und Tina ein bisschen eigenes Leben zwischen Bastelsternen und dem \u201ef\u00fcr Kinder so wichtigem\u201c Einkaufsladen-Rollenspiel zu verschaffen. <\/span><\/p>\n<p><span style=\"font-size: medium;\"><span style=\"color: #000000;\">Auf den Spielpl\u00e4tzen h\u00e4ngen Dutzende Elternzeit-Papas herum, die sich \u00fcber die neuesten Staffeln Biene Maya, Eselchen Troto oder Patterson und Findus unterhalten. <\/span><\/span><\/p>\n<p><span style=\"color: #000000;\">\u201e<span style=\"font-size: medium;\">Was? Du kennst \u201eMia and me\u201c nicht? Also&#8230; das ist so sch\u00f6n. Ein junges M\u00e4dchen, was mit ihrem Zauberamulett ins Elfenreich reisen kann und dort auf Einh\u00f6rner reitend Abenteuer erlebt. Ach, meine kleine Edda liebt es. Und wir auch. \u201c (*bl\u00f6des Lachen*)<\/span><\/span><\/p>\n<p><span style=\"color: #000000;\">\u201e<span style=\"font-size: medium;\">Du, das merke ich mir.\u201c (*bl\u00f6des Lachen 2*) \u201eDa ist das Wochenende ja wieder gerettet. (\u2026) Anna! Anna! Nimm deinen Finger aus dem Popo. Wenn es juckt, m\u00fcssen wir das noch mal ordentlich sauber machen.\u201c (*bl\u00f6des Lachen 3*)<\/span><\/span><\/p>\n<p><span style=\"font-size: medium;\"><span style=\"color: #000000;\">Nicht selten sieht man die Leidenschaften auch auf dem T-Shirt gedruckt. Fr\u00fcher noch ein flottes Nirwana oder Metallica Shirt. Heute ein Bibi &amp; Tina M\u00e4nner-Shirt. Laut Zalando ein Muss f\u00fcr Ihn. \u201eMit Bibi &amp; Tina &amp; Amadeus &amp; Sabrina solidarisiert Man(n) sich auf ganz besondere Art mit seinen Kids\u201c, betont der Online Katalog. <\/span><\/span><\/p>\n<p><span style=\"font-size: medium;\"><span style=\"color: #000000;\">Und hier auf dem Spielplatz tr\u00e4gt Man(n) gerne dick auf, denke ich. Vor allem wenn es mit der Alten zu Hause eigentlich gar nicht mehr l\u00e4uft und man sich zwischen Kita und Spielplatz schon l\u00e4ngst auf neue Entdeckungsreisen durchs Mutter-Land aufgemacht hat.<\/span> <\/span><\/p>\n","protected":false},"excerpt":{"rendered":"<p>\u201eMein Kind guckt kein Fernsehen\u201c, sagt Jana, die Mutter von den L\u00f6wenm\u00e4ulchen Juno und Jano . \u201eRespekt\u201c, sage ich. \u201eMeins schon.\u201c Gl\u00fccklicherweise ja eher die Regel als die Ausnahme, sich mit einer Netflix-Staffel Bibi und Tina ein bisschen eigenes Leben zwischen Bastelsternen und dem \u201ef\u00fcr Kinder so wichtigem\u201c Einkaufsladen-Rollenspiel zu verschaffen. Auf den Spielpl\u00e4tzen h\u00e4ngen [&hellip;]<\/p>\n","protected":false},"author":1,"featured_media":0,"comment_status":"open","ping_status":"open","sticky":false,"template":"","format":"standard","meta":{"footnotes":""},"categories":[1],"tags":[],"class_list":["post-986","post","type-post","status-publish","format-standard","hentry","category-allgemein"],"_links":{"self":[{"href":"http:\/\/ruhmundelend.de\/Blog\/wp-json\/wp\/v2\/posts\/986"}],"collection":[{"href":"http:\/\/ruhmundelend.de\/Blog\/wp-json\/wp\/v2\/posts"}],"about":[{"href":"http:\/\/ruhmundelend.de\/Blog\/wp-json\/wp\/v2\/types\/post"}],"author":[{"embeddable":true,"href":"http:\/\/ruhmundelend.de\/Blog\/wp-json\/wp\/v2\/users\/1"}],"replies":[{"embeddable":true,"href":"http:\/\/ruhmundelend.de\/Blog\/wp-json\/wp\/v2\/comments?post=986"}],"version-history":[{"count":3,"href":"http:\/\/ruhmundelend.de\/Blog\/wp-json\/wp\/v2\/posts\/986\/revisions"}],"predecessor-version":[{"id":989,"href":"http:\/\/ruhmundelend.de\/Blog\/wp-json\/wp\/v2\/posts\/986\/revisions\/989"}],"wp:attachment":[{"href":"http:\/\/ruhmundelend.de\/Blog\/wp-json\/wp\/v2\/media?parent=986"}],"wp:term":[{"taxonomy":"category","embeddable":true,"href":"http:\/\/ruhmundelend.de\/Blog\/wp-json\/wp\/v2\/categories?post=986"},{"taxonomy":"post_tag","embeddable":true,"href":"http:\/\/ruhmundelend.de\/Blog\/wp-json\/wp\/v2\/tags?post=986"}],"curies":[{"name":"wp","href":"https:\/\/api.w.org\/{rel}","templated":true}]}}