{"id":972,"date":"2020-12-06T12:59:39","date_gmt":"2020-12-06T11:59:39","guid":{"rendered":"http:\/\/ruhmundelend.de\/Blog\/?p=972"},"modified":"2020-12-06T12:59:39","modified_gmt":"2020-12-06T11:59:39","slug":"der-heilige-martin-hat-da-mal-was-programmiert-oder-kita-laternenfest-2-0","status":"publish","type":"post","link":"http:\/\/ruhmundelend.de\/Blog\/2020\/12\/06\/der-heilige-martin-hat-da-mal-was-programmiert-oder-kita-laternenfest-2-0\/","title":{"rendered":"Der heilige Martin hat da mal was programmiert oder Kita Laternenfest 2.0"},"content":{"rendered":"<p>Beim digitalen Kita Laternenfest werden die Kinder gefragt, was ihre Eltern beruflich machen. Alle Kinder d\u00fcrfen etwas \u00fcber das Zoom Fenster erz\u00e4hlen. <i>Das ist Medienp\u00e4dagogik f\u00fcr die ganz Kleinen, <\/i>lacht die Barbara, die immer viel lacht. <i>Mein Papa ist Geschichtenerz\u00e4hler<\/i>, sagt mein Kind stolz. <i>Ach, Hartz 4<\/i>, kreischt eine Mutter ins Internet. Hinter den Kacheln, die mit kleinen digitalen Laternchen geschm\u00fcckt sind <i>(ein Papa, der Martin (wer sonst?), ist Softwareentwickler und hat das mal programmiert)<\/i>, l\u00e4chelt die Elternschaft und auch die Erzieher grinsen. Die anderen Kita Kinder gucken komisch und mein Kind grinst, weil es nicht wei\u00df, was Hartz4 ist. Nur ich lache nicht. Lustiges Beruferaten mit Kind, Kachel und Laterne. Lehrer, Arzt, Softwareentwickler, Versicherungsmakler, Supermarkt Mitarbeiter und ein Geschichtenerz\u00e4hler, der aber wegen Corona gerade auf Hartz 4 macht. <em>Das denken alle<\/em>, denke ich. <em>Und ist ja auch richtig.<\/em><\/p>\n","protected":false},"excerpt":{"rendered":"<p>Beim digitalen Kita Laternenfest werden die Kinder gefragt, was ihre Eltern beruflich machen. Alle Kinder d\u00fcrfen etwas \u00fcber das Zoom Fenster erz\u00e4hlen. Das ist Medienp\u00e4dagogik f\u00fcr die ganz Kleinen, lacht die Barbara, die immer viel lacht. Mein Papa ist Geschichtenerz\u00e4hler, sagt mein Kind stolz. Ach, Hartz 4, kreischt eine Mutter ins Internet. Hinter den Kacheln, [&hellip;]<\/p>\n","protected":false},"author":1,"featured_media":0,"comment_status":"open","ping_status":"open","sticky":false,"template":"","format":"standard","meta":{"footnotes":""},"categories":[1],"tags":[],"class_list":["post-972","post","type-post","status-publish","format-standard","hentry","category-allgemein"],"_links":{"self":[{"href":"http:\/\/ruhmundelend.de\/Blog\/wp-json\/wp\/v2\/posts\/972"}],"collection":[{"href":"http:\/\/ruhmundelend.de\/Blog\/wp-json\/wp\/v2\/posts"}],"about":[{"href":"http:\/\/ruhmundelend.de\/Blog\/wp-json\/wp\/v2\/types\/post"}],"author":[{"embeddable":true,"href":"http:\/\/ruhmundelend.de\/Blog\/wp-json\/wp\/v2\/users\/1"}],"replies":[{"embeddable":true,"href":"http:\/\/ruhmundelend.de\/Blog\/wp-json\/wp\/v2\/comments?post=972"}],"version-history":[{"count":1,"href":"http:\/\/ruhmundelend.de\/Blog\/wp-json\/wp\/v2\/posts\/972\/revisions"}],"predecessor-version":[{"id":973,"href":"http:\/\/ruhmundelend.de\/Blog\/wp-json\/wp\/v2\/posts\/972\/revisions\/973"}],"wp:attachment":[{"href":"http:\/\/ruhmundelend.de\/Blog\/wp-json\/wp\/v2\/media?parent=972"}],"wp:term":[{"taxonomy":"category","embeddable":true,"href":"http:\/\/ruhmundelend.de\/Blog\/wp-json\/wp\/v2\/categories?post=972"},{"taxonomy":"post_tag","embeddable":true,"href":"http:\/\/ruhmundelend.de\/Blog\/wp-json\/wp\/v2\/tags?post=972"}],"curies":[{"name":"wp","href":"https:\/\/api.w.org\/{rel}","templated":true}]}}