{"id":960,"date":"2020-11-27T10:59:19","date_gmt":"2020-11-27T09:59:19","guid":{"rendered":"http:\/\/ruhmundelend.de\/Blog\/?p=960"},"modified":"2020-11-27T11:00:27","modified_gmt":"2020-11-27T10:00:27","slug":"ich-verstecke-mich-hinter-autos-5","status":"publish","type":"post","link":"http:\/\/ruhmundelend.de\/Blog\/2020\/11\/27\/ich-verstecke-mich-hinter-autos-5\/","title":{"rendered":"Ich verstecke mich hinter Autos 5"},"content":{"rendered":"<figure id=\"attachment_952\" aria-describedby=\"caption-attachment-952\" style=\"width: 640px\" class=\"wp-caption alignnone\"><img loading=\"lazy\" decoding=\"async\" class=\"wp-image-952 size-full\" src=\"http:\/\/ruhmundelend.de\/Blog\/wp-content\/uploads\/2020\/11\/IMG_4226.jpg\" alt=\"\" width=\"640\" height=\"480\" srcset=\"http:\/\/ruhmundelend.de\/Blog\/wp-content\/uploads\/2020\/11\/IMG_4226.jpg 640w, http:\/\/ruhmundelend.de\/Blog\/wp-content\/uploads\/2020\/11\/IMG_4226-300x225.jpg 300w\" sizes=\"(max-width: 640px) 100vw, 640px\" \/><figcaption id=\"caption-attachment-952\" class=\"wp-caption-text\">Hier verstecke ich mich zwischen einem wei\u00dfen und einem schwarzen Auto. Es ist aber kein Schwarz Wei\u00df Bild, weil man sonst gar nichts sehen w\u00fcrde. Zuerst war ich fest davon \u00fcberzeugt, dieses Mal ein hundertprozentiges Versteck gefunden zu haben. Aber ich habe einfach diese elendig langen Beine. Die muss man erst einmal versteckt bekommen, die Beine.<\/figcaption><\/figure>\n","protected":false},"excerpt":{"rendered":"","protected":false},"author":1,"featured_media":0,"comment_status":"open","ping_status":"open","sticky":false,"template":"","format":"standard","meta":{"footnotes":""},"categories":[1],"tags":[],"class_list":["post-960","post","type-post","status-publish","format-standard","hentry","category-allgemein"],"_links":{"self":[{"href":"http:\/\/ruhmundelend.de\/Blog\/wp-json\/wp\/v2\/posts\/960"}],"collection":[{"href":"http:\/\/ruhmundelend.de\/Blog\/wp-json\/wp\/v2\/posts"}],"about":[{"href":"http:\/\/ruhmundelend.de\/Blog\/wp-json\/wp\/v2\/types\/post"}],"author":[{"embeddable":true,"href":"http:\/\/ruhmundelend.de\/Blog\/wp-json\/wp\/v2\/users\/1"}],"replies":[{"embeddable":true,"href":"http:\/\/ruhmundelend.de\/Blog\/wp-json\/wp\/v2\/comments?post=960"}],"version-history":[{"count":2,"href":"http:\/\/ruhmundelend.de\/Blog\/wp-json\/wp\/v2\/posts\/960\/revisions"}],"predecessor-version":[{"id":962,"href":"http:\/\/ruhmundelend.de\/Blog\/wp-json\/wp\/v2\/posts\/960\/revisions\/962"}],"wp:attachment":[{"href":"http:\/\/ruhmundelend.de\/Blog\/wp-json\/wp\/v2\/media?parent=960"}],"wp:term":[{"taxonomy":"category","embeddable":true,"href":"http:\/\/ruhmundelend.de\/Blog\/wp-json\/wp\/v2\/categories?post=960"},{"taxonomy":"post_tag","embeddable":true,"href":"http:\/\/ruhmundelend.de\/Blog\/wp-json\/wp\/v2\/tags?post=960"}],"curies":[{"name":"wp","href":"https:\/\/api.w.org\/{rel}","templated":true}]}}