{"id":838,"date":"2020-10-26T10:39:51","date_gmt":"2020-10-26T09:39:51","guid":{"rendered":"http:\/\/ruhmundelend.de\/Blog\/?p=838"},"modified":"2020-10-30T15:00:23","modified_gmt":"2020-10-30T14:00:23","slug":"notizen-aus-dem-reihenhaeuschen-immer-sonntags","status":"publish","type":"post","link":"http:\/\/ruhmundelend.de\/Blog\/2020\/10\/26\/notizen-aus-dem-reihenhaeuschen-immer-sonntags\/","title":{"rendered":"Notizen aus dem Reihenh\u00e4uschen \u2013 Immer sonntags"},"content":{"rendered":"<p>\u201ePapa, Po abputzen\u201c, schallt es durch die kleine Stra\u00dfe. Duzende Male schrecken genervte V\u00e4ter und M\u00fctter auf. Es ist das Wutgeschrei ihrer Kita-Kinder und I- M\u00e4nnchen. Die kleinen M\u00e4uschen, die strahlenden Sonnenscheine und s\u00fc\u00dfen Prinzessinnen tyrannisieren w\u00f6chentlich sonntags die gl\u00fccklichen Jungfamilien. In diesen langen sonnt\u00e4glichen Stunden w\u00fcnschen sich der Papa und die Mama nichts mehr, als am Montag wieder im B\u00fcro zu sitzen, am Band zu stehen, im Laden zu sein.<\/p>\n<p>\u201eIrgendwann\u201c, tr\u00f6stet man sich, \u201esind sie ja lebensf\u00e4hig.\u201c Doch man wei\u00df, dann kommt die Pubert\u00e4t. Wenn sie, diese fleischgewordenen Leidenschaften der Mamas und Papas, dann endlich merken, dass ihre Erziehungsberechtigten keine knallharten Gef\u00e4ngnisaufseher sind, noch nicht einmal Feinde sein wollen, stehen sie meistens schon mit gepackten Taschen, der Matratze auf dem R\u00fccken und offenen H\u00e4nden vor der T\u00fcr. Noch einmal muss der Papa an seinen Notgroschen, die Mama das Sparschwein schlachten, danach sind sie endg\u00fcltig weg (zuerst nur solange wie das Baf\u00f6g reicht, danach aber endg\u00fcltig). \u201eDas wollten wir doch auch nicht\u201c, jammern folgend die Eltern, gucken mit Tr\u00e4nen in den Augen dem Umzugswagen hinterher.<\/p>\n<p>Es ist Sonntag, denke ich gerade. Es ist ruhig, fast friedlich auf der Stra\u00dfe.<br \/>\n\u201ePapa, Po abputzen.\u201c Ich schrecke hoch. Es ist unser kleiner Traum. \u201eSofort, mein M\u00e4uschen. Ich komme.\u201c<\/p>\n","protected":false},"excerpt":{"rendered":"<p>\u201ePapa, Po abputzen\u201c, schallt es durch die kleine Stra\u00dfe. Duzende Male schrecken genervte V\u00e4ter und M\u00fctter auf. Es ist das Wutgeschrei ihrer Kita-Kinder und I- M\u00e4nnchen. Die kleinen M\u00e4uschen, die strahlenden Sonnenscheine und s\u00fc\u00dfen Prinzessinnen tyrannisieren w\u00f6chentlich sonntags die gl\u00fccklichen Jungfamilien. In diesen langen sonnt\u00e4glichen Stunden w\u00fcnschen sich der Papa und die Mama nichts mehr, [&hellip;]<\/p>\n","protected":false},"author":1,"featured_media":0,"comment_status":"open","ping_status":"open","sticky":false,"template":"","format":"standard","meta":{"footnotes":""},"categories":[1],"tags":[],"class_list":["post-838","post","type-post","status-publish","format-standard","hentry","category-allgemein"],"_links":{"self":[{"href":"http:\/\/ruhmundelend.de\/Blog\/wp-json\/wp\/v2\/posts\/838"}],"collection":[{"href":"http:\/\/ruhmundelend.de\/Blog\/wp-json\/wp\/v2\/posts"}],"about":[{"href":"http:\/\/ruhmundelend.de\/Blog\/wp-json\/wp\/v2\/types\/post"}],"author":[{"embeddable":true,"href":"http:\/\/ruhmundelend.de\/Blog\/wp-json\/wp\/v2\/users\/1"}],"replies":[{"embeddable":true,"href":"http:\/\/ruhmundelend.de\/Blog\/wp-json\/wp\/v2\/comments?post=838"}],"version-history":[{"count":1,"href":"http:\/\/ruhmundelend.de\/Blog\/wp-json\/wp\/v2\/posts\/838\/revisions"}],"predecessor-version":[{"id":840,"href":"http:\/\/ruhmundelend.de\/Blog\/wp-json\/wp\/v2\/posts\/838\/revisions\/840"}],"wp:attachment":[{"href":"http:\/\/ruhmundelend.de\/Blog\/wp-json\/wp\/v2\/media?parent=838"}],"wp:term":[{"taxonomy":"category","embeddable":true,"href":"http:\/\/ruhmundelend.de\/Blog\/wp-json\/wp\/v2\/categories?post=838"},{"taxonomy":"post_tag","embeddable":true,"href":"http:\/\/ruhmundelend.de\/Blog\/wp-json\/wp\/v2\/tags?post=838"}],"curies":[{"name":"wp","href":"https:\/\/api.w.org\/{rel}","templated":true}]}}