{"id":808,"date":"2020-10-06T11:24:32","date_gmt":"2020-10-06T09:24:32","guid":{"rendered":"http:\/\/ruhmundelend.de\/Blog\/?p=808"},"modified":"2020-10-06T11:24:32","modified_gmt":"2020-10-06T09:24:32","slug":"spucken-verboten-oder-feiern-bis-der-arzt-kommt","status":"publish","type":"post","link":"http:\/\/ruhmundelend.de\/Blog\/2020\/10\/06\/spucken-verboten-oder-feiern-bis-der-arzt-kommt\/","title":{"rendered":"Spucken verboten oder feiern bis der Arzt kommt"},"content":{"rendered":"<p><b>Noch so eine.<\/b> Die spanische Grippe z\u00e4hlt als Mutter aller Pandemien. 1918 starben an ihr dreimal mehr Menschen als im Ersten Weltkrieg. Jeder gab jedem die Schuld, ein US Offizier sah deutsche Agenten im Spiel, die Chinesen, Franzosen, nat\u00fcrlich Spanier bekamen ihr Fett weg. Am Ende waren es die Amerikaner.<\/p>\n<p><b>Drei Wellen.<\/b> Mit Schul- Kirchen- und Theaterschlie\u00dfungen, Mund-Nase Schutz und Spuckverbot, soziale Distanzierung (ein bl\u00f6des Wortgebilde. Besser: \u201eAbstand halten\u201c ) versuchte man die Krankheit in den Griff zu bekommen. Die St\u00e4dte, die fr\u00fch Ma\u00dfnahmen ergriffen, hatten bei weitem weniger Todesf\u00e4lle. In San Francisco erschoss ein Schaffner einen Passagier, der sich weigerte Mundschutz zu tragen.<\/p>\n<p><b>Schei\u00df Zeit.<\/b> Kaputte St\u00e4dte, nichts zu fressen, keine Arbeit, Inflation, Armut und dann noch eine unsichtbare Viruserkrankung, die vor allem die Jungen unter Beschlag nahm. Zum Feiern war keinem zu Mute.<\/p>\n<p><b>Und doch!<\/b> Kurze Zeit sp\u00e4ter begannen die<strong><em><span style=\"color: #ffcc00;\"> \u201eYeah! Yeah! Yeah!\u201c Goldenen Zwanziger.<\/span><\/em><\/strong> Literatur, Kunst, Musik, die Kultur schwang sich zu neuen H\u00f6hen auf. Klar, am Schlu\u00df ein braunes Ende mit Schrecken.<\/p>\n<p><b>Und Heute? <\/b>Wieder ein Jammertal. Kunst erscheint dem K\u00fcnstler als Scherbenhaufen. Sicher nicht als Lebensmittel, was immer noch mancher Politiker in seinem Redemanuskript stehen hat. (anders: sie m\u00fcssen meinen Popo nicht streicheln, sonst f\u00fchle ich mich durch ihre Worte verarscht)<\/p>\n<p><b>Und doch. <\/b>Die spanische Grippe war h\u00e4\u00dflich, kacke, schlimm, aber irgendwann vorbei. Die Jetzige wird auch irgendwann vorbei sein, verdr\u00e4ngt werden. In einem Jahr? In Zwei? Keine Ahnung. Aber sie wird vorbeigehen und danach dr\u00e4ngeln wir wieder vor die B\u00fchne, schmusen auf der Tanzfl\u00e4che, packen uns mit tausenden auf Festivals, gucken Kunst als Event in einer kollektiven Massenrezeption (vielleicht wird das H\u00e4ndesch\u00fctteln und K\u00fcsschen rechts, K\u00fcsschen links ein wenig mehr Zeit brauchen). Und dann? Die n\u00e4chste Dystopie? Wieder ein Ende mit Schrecken?<\/p>\n<p>Wie auch immer? Es hei\u00dft weiterhin: Spucken verboten oder feiern bis der Arzt kommt.<\/p>\n<p><a href=\"https:\/\/www.nationalgeographic.com\/history\/2020\/03\/how-cities-flattened-curve-1918-spanish-flu-pandemic-coronavirus\/\" target=\"_blank\" rel=\"noopener\">https:\/\/www.nationalgeographic.com\/history\/2020\/03\/how-cities-flattened-curve-1918-spanish-flu-pandemic-coronavirus\/<\/a><\/p>\n<p><a href=\"https:\/\/de.wikipedia.org\/wiki\/Spanische_Grippe#cite_note-natgeo-57\" target=\"_blank\" rel=\"noopener\">https:\/\/de.wikipedia.org\/wiki\/Spanische_Grippe#cite_note-natgeo-57<\/a><\/p>\n","protected":false},"excerpt":{"rendered":"<p>Noch so eine. Die spanische Grippe z\u00e4hlt als Mutter aller Pandemien. 1918 starben an ihr dreimal mehr Menschen als im Ersten Weltkrieg. Jeder gab jedem die Schuld, ein US Offizier sah deutsche Agenten im Spiel, die Chinesen, Franzosen, nat\u00fcrlich Spanier bekamen ihr Fett weg. Am Ende waren es die Amerikaner. Drei Wellen. Mit Schul- Kirchen- [&hellip;]<\/p>\n","protected":false},"author":1,"featured_media":0,"comment_status":"open","ping_status":"open","sticky":false,"template":"","format":"standard","meta":{"footnotes":""},"categories":[1],"tags":[],"class_list":["post-808","post","type-post","status-publish","format-standard","hentry","category-allgemein"],"_links":{"self":[{"href":"http:\/\/ruhmundelend.de\/Blog\/wp-json\/wp\/v2\/posts\/808"}],"collection":[{"href":"http:\/\/ruhmundelend.de\/Blog\/wp-json\/wp\/v2\/posts"}],"about":[{"href":"http:\/\/ruhmundelend.de\/Blog\/wp-json\/wp\/v2\/types\/post"}],"author":[{"embeddable":true,"href":"http:\/\/ruhmundelend.de\/Blog\/wp-json\/wp\/v2\/users\/1"}],"replies":[{"embeddable":true,"href":"http:\/\/ruhmundelend.de\/Blog\/wp-json\/wp\/v2\/comments?post=808"}],"version-history":[{"count":1,"href":"http:\/\/ruhmundelend.de\/Blog\/wp-json\/wp\/v2\/posts\/808\/revisions"}],"predecessor-version":[{"id":809,"href":"http:\/\/ruhmundelend.de\/Blog\/wp-json\/wp\/v2\/posts\/808\/revisions\/809"}],"wp:attachment":[{"href":"http:\/\/ruhmundelend.de\/Blog\/wp-json\/wp\/v2\/media?parent=808"}],"wp:term":[{"taxonomy":"category","embeddable":true,"href":"http:\/\/ruhmundelend.de\/Blog\/wp-json\/wp\/v2\/categories?post=808"},{"taxonomy":"post_tag","embeddable":true,"href":"http:\/\/ruhmundelend.de\/Blog\/wp-json\/wp\/v2\/tags?post=808"}],"curies":[{"name":"wp","href":"https:\/\/api.w.org\/{rel}","templated":true}]}}