{"id":785,"date":"2020-08-27T09:23:35","date_gmt":"2020-08-27T07:23:35","guid":{"rendered":"http:\/\/ruhmundelend.de\/Blog\/?p=785"},"modified":"2020-08-27T09:30:30","modified_gmt":"2020-08-27T07:30:30","slug":"hunde-die-bellen-beissen-irgendwann","status":"publish","type":"post","link":"http:\/\/ruhmundelend.de\/Blog\/2020\/08\/27\/hunde-die-bellen-beissen-irgendwann\/","title":{"rendered":"Hunde, die bellen, bei\u00dfen irgendwann."},"content":{"rendered":"<p>Jetzt stehen die Weihnachtsm\u00e4rkte auf dem Pr\u00fcfstand. Da hat er sich immer gefreut, ist gl\u00fccklich rumgesprungen. Nachdem vor ein paar Tagen die Mundschutz-Verweigerer mit einem versch\u00e4rften Bu\u00dfgeldkatalog zur Ordnung gerufen wurden und der Berliner Innensenator heute vorsorglich die Hygiene Demos in Berlin verboten hat, traue ich mich kaum noch den kleinen Vierbeiner zu streicheln.<\/p>\n<p>Aus dem zahmen H\u00fcndchen ist mittlerweile ein fies bellender K\u00f6ter geworden und jeder, der bis drei z\u00e4hlen kann, sieht, wie das Viech langsam bissig wird. \u201eEine sich langsam im K\u00f6rper ausbreitende Tollwut\u201c, erkl\u00e4rte mir einer der sogenannten Experte die Verhaltens\u00e4nderung. \u201eSchon jetzt brauchen wir die Leinenpflicht, aber ich denke, bald wird Zwinger die einzige M\u00f6glichkeit sein\u201c, sagte er weiter. \u201eOder Maulkorb.\u201c Der Experte lachte. Ich nicht. Nat\u00fcrlich sehe ich auch die Notwendigkeiten, aber die letzten Ma\u00dfnahmen machen alles nur noch schlimmer. Es ist nie gut, ein Tier zu schlagen, aber ein verletztes, ja meinetwegen b\u00f6ses Tier zu schlagen, scheint mir mehr als unvern\u00fcnftig.<\/p>\n","protected":false},"excerpt":{"rendered":"<p>Jetzt stehen die Weihnachtsm\u00e4rkte auf dem Pr\u00fcfstand. Da hat er sich immer gefreut, ist gl\u00fccklich rumgesprungen. Nachdem vor ein paar Tagen die Mundschutz-Verweigerer mit einem versch\u00e4rften Bu\u00dfgeldkatalog zur Ordnung gerufen wurden und der Berliner Innensenator heute vorsorglich die Hygiene Demos in Berlin verboten hat, traue ich mich kaum noch den kleinen Vierbeiner zu streicheln. Aus [&hellip;]<\/p>\n","protected":false},"author":1,"featured_media":0,"comment_status":"open","ping_status":"open","sticky":false,"template":"","format":"standard","meta":{"footnotes":""},"categories":[1],"tags":[],"class_list":["post-785","post","type-post","status-publish","format-standard","hentry","category-allgemein"],"_links":{"self":[{"href":"http:\/\/ruhmundelend.de\/Blog\/wp-json\/wp\/v2\/posts\/785"}],"collection":[{"href":"http:\/\/ruhmundelend.de\/Blog\/wp-json\/wp\/v2\/posts"}],"about":[{"href":"http:\/\/ruhmundelend.de\/Blog\/wp-json\/wp\/v2\/types\/post"}],"author":[{"embeddable":true,"href":"http:\/\/ruhmundelend.de\/Blog\/wp-json\/wp\/v2\/users\/1"}],"replies":[{"embeddable":true,"href":"http:\/\/ruhmundelend.de\/Blog\/wp-json\/wp\/v2\/comments?post=785"}],"version-history":[{"count":2,"href":"http:\/\/ruhmundelend.de\/Blog\/wp-json\/wp\/v2\/posts\/785\/revisions"}],"predecessor-version":[{"id":787,"href":"http:\/\/ruhmundelend.de\/Blog\/wp-json\/wp\/v2\/posts\/785\/revisions\/787"}],"wp:attachment":[{"href":"http:\/\/ruhmundelend.de\/Blog\/wp-json\/wp\/v2\/media?parent=785"}],"wp:term":[{"taxonomy":"category","embeddable":true,"href":"http:\/\/ruhmundelend.de\/Blog\/wp-json\/wp\/v2\/categories?post=785"},{"taxonomy":"post_tag","embeddable":true,"href":"http:\/\/ruhmundelend.de\/Blog\/wp-json\/wp\/v2\/tags?post=785"}],"curies":[{"name":"wp","href":"https:\/\/api.w.org\/{rel}","templated":true}]}}