{"id":783,"date":"2020-08-22T10:15:53","date_gmt":"2020-08-22T08:15:53","guid":{"rendered":"http:\/\/ruhmundelend.de\/Blog\/?p=783"},"modified":"2020-08-22T10:15:53","modified_gmt":"2020-08-22T08:15:53","slug":"billiglohnlaenderkinderarbeit-oder-ich-konsumiere-also-bin-ich","status":"publish","type":"post","link":"http:\/\/ruhmundelend.de\/Blog\/2020\/08\/22\/billiglohnlaenderkinderarbeit-oder-ich-konsumiere-also-bin-ich\/","title":{"rendered":"Billiglohnl\u00e4nderkinderarbeit oder \u201eich konsumiere, also bin ich\u201c"},"content":{"rendered":"<p>In den Nachrichten sagen sie, der Konsumklimaindex \u2013 welcher die Konsumneigung der Privathaushalte widerspiegelt \u2013 steigt wieder. Der Konsument kriegt gute Laune, Konsumlaune.<\/p>\n<p>Nach den Corona Beschr\u00e4nkungen ist das neue, alte Leitmotiv f\u00fcr den modernen Mann, die moderne Frau und alle modernen Anderen: \u201eIch konsumiere \u2013 viel und billig -, also bin ich.<\/p>\n<p>Dazu passt: Ich arbeite \u2013 viel und billig -, also bin ich ein Billiglohn \u2013 Landarbeiterkind, n\u00e4he mich geschwind in die erste Klasse rein, oh fein.<\/p>\n<p><i>Du Mutti? \u00dcbermorgen besorgst du uns mal lecker Eisbein?<\/i><\/p>\n<p><i>Ach klar. <\/i><\/p>\n<p><i>Hui, das ist&#8230; \u00e4hhh fein. <\/i><\/p>\n<p>Im Radio sagen sie, Spanien, die Balearen, die Kanaren brauchen den deutschen Urlauber. Viele Existenzen h\u00e4ngen am Tourismus. Ich sage: Ich konsumiere \u2013 viel und billig \u2013 also bin ich bald wieder im Ferienflieger. Denn Urlaub rettet Leben, mit meiner Auszeit bezahl ich deine Ausbildung, mache ich dich zum Sieger.<\/p>\n<p><i>Du Mutti? Morgen besorgst du uns mal lecker Eisbein?<\/i><\/p>\n<p><i>Ach klar. <\/i><\/p>\n<p><i>Hui, das ist&#8230; ja fein. <\/i><\/p>\n<p>Deine und meine Informationsblase schreibt: Der rum\u00e4nische Tier- Zerleger in deutschen Schlachtanstalten hat nicht mehr genug, um seine Familie zu unterst\u00fctzen. Es fehlt an Geld f\u00fcr Ausbildung, Pflege der Alten, Versorgung der Familie. Der Mann ist in Existenznot.<\/p>\n<p>LockDown und Schnitzel- Verzicht kostet Leben.<\/p>\n<p>Ich sage: Lieber Billiglohnlandarbeiter, Tierzerleger, Hosenn\u00e4her, ich bin ein guter Mensch. Ich konsumiere viel und billig, also bin ich nicht nur Schnitzel-Esser, auch Hosentr\u00e4ger.<\/p>\n<p>Also lasst uns den Konsum pflegen, denn Billiglohnl\u00e4nderkinderarbeit rettet Leben.<\/p>\n<p>Ach, und heute Eisbein?<\/p>\n<p>Klaro!<\/p>\n","protected":false},"excerpt":{"rendered":"<p>In den Nachrichten sagen sie, der Konsumklimaindex \u2013 welcher die Konsumneigung der Privathaushalte widerspiegelt \u2013 steigt wieder. Der Konsument kriegt gute Laune, Konsumlaune. Nach den Corona Beschr\u00e4nkungen ist das neue, alte Leitmotiv f\u00fcr den modernen Mann, die moderne Frau und alle modernen Anderen: \u201eIch konsumiere \u2013 viel und billig -, also bin ich. Dazu passt: [&hellip;]<\/p>\n","protected":false},"author":1,"featured_media":0,"comment_status":"open","ping_status":"open","sticky":false,"template":"","format":"standard","meta":{"footnotes":""},"categories":[1],"tags":[],"class_list":["post-783","post","type-post","status-publish","format-standard","hentry","category-allgemein"],"_links":{"self":[{"href":"http:\/\/ruhmundelend.de\/Blog\/wp-json\/wp\/v2\/posts\/783"}],"collection":[{"href":"http:\/\/ruhmundelend.de\/Blog\/wp-json\/wp\/v2\/posts"}],"about":[{"href":"http:\/\/ruhmundelend.de\/Blog\/wp-json\/wp\/v2\/types\/post"}],"author":[{"embeddable":true,"href":"http:\/\/ruhmundelend.de\/Blog\/wp-json\/wp\/v2\/users\/1"}],"replies":[{"embeddable":true,"href":"http:\/\/ruhmundelend.de\/Blog\/wp-json\/wp\/v2\/comments?post=783"}],"version-history":[{"count":1,"href":"http:\/\/ruhmundelend.de\/Blog\/wp-json\/wp\/v2\/posts\/783\/revisions"}],"predecessor-version":[{"id":784,"href":"http:\/\/ruhmundelend.de\/Blog\/wp-json\/wp\/v2\/posts\/783\/revisions\/784"}],"wp:attachment":[{"href":"http:\/\/ruhmundelend.de\/Blog\/wp-json\/wp\/v2\/media?parent=783"}],"wp:term":[{"taxonomy":"category","embeddable":true,"href":"http:\/\/ruhmundelend.de\/Blog\/wp-json\/wp\/v2\/categories?post=783"},{"taxonomy":"post_tag","embeddable":true,"href":"http:\/\/ruhmundelend.de\/Blog\/wp-json\/wp\/v2\/tags?post=783"}],"curies":[{"name":"wp","href":"https:\/\/api.w.org\/{rel}","templated":true}]}}