{"id":779,"date":"2020-08-16T18:00:31","date_gmt":"2020-08-16T16:00:31","guid":{"rendered":"http:\/\/ruhmundelend.de\/Blog\/?p=779"},"modified":"2020-08-16T18:10:28","modified_gmt":"2020-08-16T16:10:28","slug":"ueber-kultur-in-kulturarmen-zeiten-die-gema-und-das-fraeulein-rottenmeier","status":"publish","type":"post","link":"http:\/\/ruhmundelend.de\/Blog\/2020\/08\/16\/ueber-kultur-in-kulturarmen-zeiten-die-gema-und-das-fraeulein-rottenmeier\/","title":{"rendered":"\u00dcber Kultur in kulturarmen Zeiten, die GEMA und das Fr\u00e4ulein Rottenmeier"},"content":{"rendered":"<p><span style=\"font-size: large;\">2020, Kultur in kulturarmen Zeiten. \u201eSie haben Post\u201c, sagte der Postbote und gab mir einen Brief. GEMA stand dort. Nachdem mich der Brief ein paar Tage bl\u00f6de angel\u00e4chelt hatte oder ich mir einbildete, dass er bl\u00f6de l\u00e4chelte, \u00f6ffnete ich ihn heute, also den bl\u00f6de, l\u00e4chelnden Brief. Ich t\u00e4uschte mich nicht, der Brief war so charmant wie das Fr\u00e4ulein Rottenmeier in Heidis schlimmsten Albtr\u00e4umen. Das Fr\u00e4ulein Rottenmeier suchte nach neuen Einnahmequellen, nachdem die alten auf Grund einer Seuche versickert waren. <\/span><\/p>\n<p><span style=\"font-size: large;\">2020, Kultur in kulturarmen Zeiten. Das Fr\u00e4ulein Rottenmeier h\u00e4lt auch noch die letzten Kulturschaffenden von ihrem Handwerk ab. Das geschriebene Wort auf der B\u00fchne, vielleicht mit einem L\u00e4cheln pr\u00e4sentiert, wird als literarisches Kabarett einsortiert. \u201eUnd das ist geb\u00fchrenpflichtig, Herr Weber. Sie k\u00f6nnen doch nicht einfach lesen, was sie wollen.\u201c \u201eAber es sind doch meine Worte\u201c, sage ich leise und erfahre, dass auch meine Worte kostenpflichtig sind.<\/span><\/p>\n<p><span style=\"font-size: large;\">2020, Kultur in kulturarmen Zeiten. Ein paar schreien, was das Fr\u00e4ulein Rottenmeier alles Gutes f\u00fcr sie getan hat, \u201eNein. Es geht nicht um mich. Es geht um mein Recht\u201c, schreien sie. Ein paar schreien immer, schreibe ich. Wer 2020 noch K\u00fcnstler sein m\u00f6chte, sollte es vor allem auf dem Papier sein. GEMA Mitglied, KSK Mitglied und gerne noch einen t\u00e4glich gepflegten Social Media Account. Dein Online Poesie Album f\u00fcr deine Kunst, lachen sie. Ich lache auch. \u201eHaha.\u201c Na, habe ich gelacht?<\/span><\/p>\n<p><span style=\"font-size: large;\">2020, Kultur in kulturarmen Zeiten. Vor vier Jahren war es bei mir soweit. \u201eHerr Weber, Sie haben Post\u201c, sagte der Postbote und gab mir einen Brief, der wenig Hoffnung versprach und letztlich doch welche gab. Es war die K\u00fcnstlersozialkasse, die mir schrieb. Ein Bescheid, stand dort. \u201eNach \u00a71 KSVG sind sie im Sinne des Gesetzes ein K\u00fcnstler und nach \u00a78 Abs. 1 KSVG auch noch ein versicherungspflichtiger.\u201c Ich war nach dem Gesetz auf einmal ein K\u00fcnstler. So einfach geht das, dachte ich. Ich lachte. \u201eHaha.\u201c Na, habe ich gelacht? Jetzt hatte ich es schwarz auf wei\u00df: Nicht die Arbeit z\u00e4hlt, sondern der Paragraph. <\/span><\/p>\n<p><span style=\"font-size: large;\">2020. In diesen kulturarmen Zeiten ist der K\u00fcnstler auch nur noch eine Schraube, ein Zahnrad im Getriebe der B\u00fcrokratie, der Soforthilfe und des Verwertungsgesetzes. Aber ein Zahnrad mit einem sch\u00f6nen Online Poesie Album, lachen sie. \u201eHaha.\u201c Na, ich habe auch gelacht. 2020. Ich sage zu euch K\u00fcnstlern Verwertern, Versicherern: Fotz- und Fischk\u00f6ppe stinken aus dem Hals, was auch immer das bedeuten mag. <\/span><\/p>\n","protected":false},"excerpt":{"rendered":"<p>2020, Kultur in kulturarmen Zeiten. \u201eSie haben Post\u201c, sagte der Postbote und gab mir einen Brief. GEMA stand dort. Nachdem mich der Brief ein paar Tage bl\u00f6de angel\u00e4chelt hatte oder ich mir einbildete, dass er bl\u00f6de l\u00e4chelte, \u00f6ffnete ich ihn heute, also den bl\u00f6de, l\u00e4chelnden Brief. Ich t\u00e4uschte mich nicht, der Brief war so charmant [&hellip;]<\/p>\n","protected":false},"author":1,"featured_media":0,"comment_status":"open","ping_status":"open","sticky":false,"template":"","format":"standard","meta":{"footnotes":""},"categories":[1,6,13],"tags":[],"class_list":["post-779","post","type-post","status-publish","format-standard","hentry","category-allgemein","category-das-oeffentliche-und-das-private","category-politik"],"_links":{"self":[{"href":"http:\/\/ruhmundelend.de\/Blog\/wp-json\/wp\/v2\/posts\/779"}],"collection":[{"href":"http:\/\/ruhmundelend.de\/Blog\/wp-json\/wp\/v2\/posts"}],"about":[{"href":"http:\/\/ruhmundelend.de\/Blog\/wp-json\/wp\/v2\/types\/post"}],"author":[{"embeddable":true,"href":"http:\/\/ruhmundelend.de\/Blog\/wp-json\/wp\/v2\/users\/1"}],"replies":[{"embeddable":true,"href":"http:\/\/ruhmundelend.de\/Blog\/wp-json\/wp\/v2\/comments?post=779"}],"version-history":[{"count":2,"href":"http:\/\/ruhmundelend.de\/Blog\/wp-json\/wp\/v2\/posts\/779\/revisions"}],"predecessor-version":[{"id":781,"href":"http:\/\/ruhmundelend.de\/Blog\/wp-json\/wp\/v2\/posts\/779\/revisions\/781"}],"wp:attachment":[{"href":"http:\/\/ruhmundelend.de\/Blog\/wp-json\/wp\/v2\/media?parent=779"}],"wp:term":[{"taxonomy":"category","embeddable":true,"href":"http:\/\/ruhmundelend.de\/Blog\/wp-json\/wp\/v2\/categories?post=779"},{"taxonomy":"post_tag","embeddable":true,"href":"http:\/\/ruhmundelend.de\/Blog\/wp-json\/wp\/v2\/tags?post=779"}],"curies":[{"name":"wp","href":"https:\/\/api.w.org\/{rel}","templated":true}]}}