{"id":772,"date":"2020-07-30T17:13:25","date_gmt":"2020-07-30T15:13:25","guid":{"rendered":"http:\/\/ruhmundelend.de\/Blog\/?p=772"},"modified":"2020-07-30T17:13:25","modified_gmt":"2020-07-30T15:13:25","slug":"mein-freund-der-verschwoerungstheoretiker","status":"publish","type":"post","link":"http:\/\/ruhmundelend.de\/Blog\/2020\/07\/30\/mein-freund-der-verschwoerungstheoretiker\/","title":{"rendered":"Mein Freund, der Verschw\u00f6rungstheoretiker"},"content":{"rendered":"<p><span style=\"font-size: large;\">Ich habe einen Freund, der ist jetzt Verschw\u00f6rungstheoretiker. Nat\u00fcrlich sagt der Freund nicht: \u201eHey Andreas, ich bin jetzt Verschw\u00f6rungstheoretiker.\u201c Der Freund sagt, er habe Fragen gehabt, die ihm keiner beantworten kann. So hat er selber nach Antworten gesucht und gefunden. Er sagt, ich soll mal aufpassen: <i>\u201eAufstehen, arbeiten, Alkohol, ausruhen. Aufstehen, arbeiten, Alkohol, ausruhen. ABER: Aufstehen, arbeiten, Analyse, Alkohol, ausruhen. Aufstehen, arbeiten, Analyse, Alkohol, ausruhen.\u201c<\/i> Er fragt, ob ich was merke. Ich sage, dass ich ja nicht bl\u00f6d bin. Er nickt. &#8220;Dann wei\u00dft du ja Bescheid&#8221;, sagt er. \u201eSowas von Bescheid\u201c, sage ich und denke: &#8220;Oh, oh &#8230; mein Freund, der ist jetzt Verschw\u00f6rungstheoretiker.\u201c <\/span><\/p>\n<p><span style=\"font-size: large;\">Er sagt, weil er eine andere Meinung hat, wird er jetzt von der Gesellschaft geschnitten. Freunde wenden sich ab, auf dem Elternabend in der Kita wurde ihm sogar der Vorsitz entzogen und in seiner Stammpinte soll er jetzt Mundschutz tragen. Ich sage: \u201eSchwierig, schwierig.\u201c <\/span><\/p>\n<p><span style=\"font-size: large;\">Mein Freund sagt: \u201eAndreas, wir leben in einer linken Meinungsdiktatur.\u201c Aber er, der Freund, tr\u00e4gt jetzt keinen Mundschutz mehr. In seinem Supermarkt haben sie ihn gebeten, zu gehen. Mein Freund sagt: \u201eUnd wei\u00dft du, was ich gemacht habe. Ich bin gegangen.\u201c Ich sage: \u201eSchwierig, schwierig.\u201c Ich denke, was ist die Alternative? Bleiben? <\/span><\/p>\n<p><span style=\"font-size: large;\">Mein Freund sagt: \u201eAndreas, die Gesellschaft ist gespalten. \u00dcberlege mal, wer die Gewinner sind.\u201c Ich \u00fcberlege. Keine Ahnung. Ich bin gespalten. <\/span><\/p>\n<p><span style=\"font-size: large;\">Mein Freund sagt, er wird jetzt als Verschw\u00f6rungstheoretiker beschimpft, weil er sich informiert hat. Er zeigt mir Youtube Videos von Menschen, die die Wahrheit sagen. Ich frage, warum die Wahrheit so schwer zu verstehen ist? Warum die Videos so ruckeln?<\/span><\/p>\n<p><span style=\"font-size: large;\">Mein Freund sagt, die Wahrheit findet seinen Weg. Aber sie versuchen, ihn ruhig zu stellen, zu unterdr\u00fccken. Unterdr\u00fccken?&#8221;, frage ich. Mein Freund sagt, er kann nicht mehr mit Menschen befreundet sein, die sich unterdr\u00fccken lassen. Er ist viel zu w\u00fctend, um ruhig zu bleiben. \u201eSchwierig, schwierig\u201c, sage ich und \u00fcberlege, ob\u00a0 mein Freund noch mein Freund sein kann. Schwierig, schwierig. <\/span><\/p>\n","protected":false},"excerpt":{"rendered":"<p>Ich habe einen Freund, der ist jetzt Verschw\u00f6rungstheoretiker. Nat\u00fcrlich sagt der Freund nicht: \u201eHey Andreas, ich bin jetzt Verschw\u00f6rungstheoretiker.\u201c Der Freund sagt, er habe Fragen gehabt, die ihm keiner beantworten kann. So hat er selber nach Antworten gesucht und gefunden. Er sagt, ich soll mal aufpassen: \u201eAufstehen, arbeiten, Alkohol, ausruhen. Aufstehen, arbeiten, Alkohol, ausruhen. ABER: [&hellip;]<\/p>\n","protected":false},"author":1,"featured_media":0,"comment_status":"open","ping_status":"open","sticky":false,"template":"","format":"standard","meta":{"footnotes":""},"categories":[1],"tags":[],"class_list":["post-772","post","type-post","status-publish","format-standard","hentry","category-allgemein"],"_links":{"self":[{"href":"http:\/\/ruhmundelend.de\/Blog\/wp-json\/wp\/v2\/posts\/772"}],"collection":[{"href":"http:\/\/ruhmundelend.de\/Blog\/wp-json\/wp\/v2\/posts"}],"about":[{"href":"http:\/\/ruhmundelend.de\/Blog\/wp-json\/wp\/v2\/types\/post"}],"author":[{"embeddable":true,"href":"http:\/\/ruhmundelend.de\/Blog\/wp-json\/wp\/v2\/users\/1"}],"replies":[{"embeddable":true,"href":"http:\/\/ruhmundelend.de\/Blog\/wp-json\/wp\/v2\/comments?post=772"}],"version-history":[{"count":1,"href":"http:\/\/ruhmundelend.de\/Blog\/wp-json\/wp\/v2\/posts\/772\/revisions"}],"predecessor-version":[{"id":773,"href":"http:\/\/ruhmundelend.de\/Blog\/wp-json\/wp\/v2\/posts\/772\/revisions\/773"}],"wp:attachment":[{"href":"http:\/\/ruhmundelend.de\/Blog\/wp-json\/wp\/v2\/media?parent=772"}],"wp:term":[{"taxonomy":"category","embeddable":true,"href":"http:\/\/ruhmundelend.de\/Blog\/wp-json\/wp\/v2\/categories?post=772"},{"taxonomy":"post_tag","embeddable":true,"href":"http:\/\/ruhmundelend.de\/Blog\/wp-json\/wp\/v2\/tags?post=772"}],"curies":[{"name":"wp","href":"https:\/\/api.w.org\/{rel}","templated":true}]}}