{"id":764,"date":"2020-07-27T13:33:57","date_gmt":"2020-07-27T11:33:57","guid":{"rendered":"http:\/\/ruhmundelend.de\/Blog\/?p=764"},"modified":"2020-07-27T14:03:51","modified_gmt":"2020-07-27T12:03:51","slug":"notizen-aus-dem-reihenhaeuschen-ich-wache-auf-da-ist-mutter-sie-will-mir-straehnchen-machen","status":"publish","type":"post","link":"http:\/\/ruhmundelend.de\/Blog\/2020\/07\/27\/notizen-aus-dem-reihenhaeuschen-ich-wache-auf-da-ist-mutter-sie-will-mir-straehnchen-machen\/","title":{"rendered":"Notizen aus dem Reihenh\u00e4uschen  &#8211; Ich wache auf, da ist Mutter, sie will mir Str\u00e4hnchen machen"},"content":{"rendered":"<p align=\"JUSTIFY\"><span style=\"font-family: Georgia, serif;\"><span style=\"font-size: medium;\">Sonntag, 3 Uhr, Neumond. Ich wache auf, sitze auf meinem alten Kinderbett und h\u00f6re Mutter an der T\u00fcr kratzen. <i>Junge, lass mich rein<\/i>, kreischt es hinter der T\u00fcr. Ich habe sie mit meinem alten Schreibtisch verbarrikadiert, den Tisch mit einem Stapel \u201eWas ist Was\u201c B\u00fccher und \u201eSchl\u00fcmpfe\u201c Comics beschwert. Aber wie lange wird Holz und Comic dieser Ur-Krafte einer <i>Mama<\/i> standhalten? <i>Junge, lass mich rein, <\/i>r\u00f6chelt es durch das Schl\u00fcsselloch.<i> <\/i>Oh Gott, was ist hier falsch?, denke ich. <\/span><\/span><\/p>\n<p align=\"JUSTIFY\"><!--more--><span style=\"font-family: Georgia, serif;\"><span style=\"font-size: medium;\">Ich wache auf, sitze auf meinem Bett. Nebenan kreischt ein Kind. Es ist die Tochter. Als ich in ihr Zimmer komme, kriecht ein gleichaltriges M\u00e4dchen mit langen schwarzen Haaren aus einem Fernseher. Oh Gott, wie das riecht, denke ich. Ich renne raus, weil ich noch nie besonders mutig war und die Kinder vielleicht nur zusammen spielen wollen. Iim Wohnzimmer suche ich die Knipse. Vielleicht kann ich wenigstens aus der Ferne helfen. Ich war immer dagegen einer Vierj\u00e4hrigen einen Fernseher ins Zimmer zu stellen. Jetzt haben wir den Salat. Ich dr\u00fccke auf \u201eAUS\u201c.\u00a0<\/span><\/span><\/p>\n<p align=\"JUSTIFY\"><span style=\"font-family: Georgia, serif;\"><span style=\"font-size: medium;\">Ich wache auf. <i>Junge<\/i>, kreischt wieder Mutter. Sie ist in mein Kinder-Zimmer gekommen, h\u00e4lt in einer Hand eine riesige Schere, in der anderen Teile der kaputten T\u00fcr, sie will mir die Str\u00e4hnchen machen, sagt sie. <i>Str\u00e4hnchen<\/i>, gurgelt es aus ihrem Mund. Als ich gerade schreien will, geht der Fernseher an und Richard David Precht spricht durch das Medium mit Mutter. Er sagt, dass Str\u00e4hnchen keine L\u00f6sung sind. Mutter l\u00e4sst Schere und T\u00fcr fallen. <i>Richard<\/i>, haucht sie, kniend vor dem Fernsehger\u00e4t und ihrem Richard. Oh Gott, denke ich und renne zur H\u00e4keldecke, wo ich die Fernbedienung vermute. Ja, da liegt sie. Was bin ich blo\u00df f\u00fcr ein schlauer Fuchs, denke ich und dr\u00fccke auf \u201eAUS\u201c. <\/span><\/span><\/p>\n<p align=\"JUSTIFY\"><span style=\"font-family: Georgia, serif;\"><span style=\"font-size: medium;\">Ich wache auf. Unten im Wohnzimmer will mir ein schwarzhaariges M\u00e4dchen im wei\u00dfen Nachthemd Str\u00e4hnchen machen. Ich versuche zu schreien. Pl\u00f6tzlich geht ein Fernseher an: Ein Ostfriese beschreibt das entschleunigte Gef\u00fchl auf den Inseln, ein P\u00e4rchen l\u00e4uft H\u00e4ndchenhaltend \u00fcber eine D\u00fcne, M\u00f6wen und Leuchtt\u00fcrme stehen hier und da herum. Das M\u00e4dchen im Nachthemd mit den fettigen Haaren muss sich vor soviel Gef\u00fchl \u00fcbergeben. <\/span><\/span><\/p>\n<p align=\"JUSTIFY\"><span style=\"font-size: medium;\"><span style=\"font-family: Georgia, serif;\"><i>Oh Gott, es ist gr\u00fcne H\u00f6llenkotze<\/i><\/span><span style=\"font-family: Georgia, serif;\">, schreie ich und wache auf. Mutter beugt sich mit der Schere \u00fcber mich. Ihre fettigen schwarzen Haare bohren sich in meine Nase. <\/span><span style=\"font-family: Georgia, serif;\"><i>Str\u00e4hnchen,<\/i><\/span><span style=\"font-family: Georgia, serif;\"> h\u00f6re ich in der Ferne Tochter, H\u00f6llenm\u00e4dchen und Mutter lachen. Ich wache auf. Kiffen ist keine L\u00f6sung, sagt die Frau. Sie findet Kiffen bl\u00f6de. Weil man nicht mehr tr\u00e4umt, sagt sie. <\/span><span style=\"font-family: Georgia, serif;\"><i>Nicht tr\u00e4umen? Ach?<\/i><\/span><span style=\"font-family: Georgia, serif;\">, sage ich, rauche noch schnell einen, dr\u00fccke auf <\/span><span style=\"font-family: Georgia, serif;\">\u201eAUS\u201c<\/span><span style=\"font-family: Georgia, serif;\"> und schlafe friedlich ein.<\/span><\/span><\/p>\n","protected":false},"excerpt":{"rendered":"<p>Sonntag, 3 Uhr, Neumond. Ich wache auf, sitze auf meinem alten Kinderbett und h\u00f6re Mutter an der T\u00fcr kratzen. Junge, lass mich rein, kreischt es hinter der T\u00fcr. Ich habe sie mit meinem alten Schreibtisch verbarrikadiert, den Tisch mit einem Stapel \u201eWas ist Was\u201c B\u00fccher und \u201eSchl\u00fcmpfe\u201c Comics beschwert. Aber wie lange wird Holz und [&hellip;]<\/p>\n","protected":false},"author":1,"featured_media":0,"comment_status":"open","ping_status":"open","sticky":false,"template":"","format":"standard","meta":{"footnotes":""},"categories":[1,8],"tags":[],"class_list":["post-764","post","type-post","status-publish","format-standard","hentry","category-allgemein","category-poetry-slam"],"_links":{"self":[{"href":"http:\/\/ruhmundelend.de\/Blog\/wp-json\/wp\/v2\/posts\/764"}],"collection":[{"href":"http:\/\/ruhmundelend.de\/Blog\/wp-json\/wp\/v2\/posts"}],"about":[{"href":"http:\/\/ruhmundelend.de\/Blog\/wp-json\/wp\/v2\/types\/post"}],"author":[{"embeddable":true,"href":"http:\/\/ruhmundelend.de\/Blog\/wp-json\/wp\/v2\/users\/1"}],"replies":[{"embeddable":true,"href":"http:\/\/ruhmundelend.de\/Blog\/wp-json\/wp\/v2\/comments?post=764"}],"version-history":[{"count":5,"href":"http:\/\/ruhmundelend.de\/Blog\/wp-json\/wp\/v2\/posts\/764\/revisions"}],"predecessor-version":[{"id":770,"href":"http:\/\/ruhmundelend.de\/Blog\/wp-json\/wp\/v2\/posts\/764\/revisions\/770"}],"wp:attachment":[{"href":"http:\/\/ruhmundelend.de\/Blog\/wp-json\/wp\/v2\/media?parent=764"}],"wp:term":[{"taxonomy":"category","embeddable":true,"href":"http:\/\/ruhmundelend.de\/Blog\/wp-json\/wp\/v2\/categories?post=764"},{"taxonomy":"post_tag","embeddable":true,"href":"http:\/\/ruhmundelend.de\/Blog\/wp-json\/wp\/v2\/tags?post=764"}],"curies":[{"name":"wp","href":"https:\/\/api.w.org\/{rel}","templated":true}]}}