{"id":751,"date":"2020-07-04T12:16:26","date_gmt":"2020-07-04T10:16:26","guid":{"rendered":"http:\/\/ruhmundelend.de\/Blog\/?p=751"},"modified":"2020-07-04T12:27:52","modified_gmt":"2020-07-04T10:27:52","slug":"notizen-aus-dem-reihenhaeuschen-pasquill","status":"publish","type":"post","link":"http:\/\/ruhmundelend.de\/Blog\/2020\/07\/04\/notizen-aus-dem-reihenhaeuschen-pasquill\/","title":{"rendered":"Notizen aus dem Reihenh\u00e4uschen &#8211; Pasquill"},"content":{"rendered":"<p><i>(Das bzw. der <\/i><i><b>Pasquill<\/b><\/i><i> (italienisch: \u201ekleiner Pasquino\u201c, auch: die <\/i><i><b>Pasquinade<\/b><\/i><i>) ist eine Schm\u00e4h- oder Spottschrift, die verfasst wird, um eine bestimmte Person zu verleumden oder in ihrer Ehre zu verletzen. Quelle: Wikipedia)<\/i><\/p>\n<p>Martin hat eine neue Freundin. \u201eDie Helga\u201c. So hat sie sich vorgestellt. \u201eHallo, ich bin die Helga.\u201c Das Kind hat die Helga gesehen und gelacht. \u201eDu bist ja ganz fett\u201c, hat das Kind gesagt. Wir haben alle mehr oder weniger gelacht. Mehr das Kind, wir anderen weniger. Jedenfalls besucht die Helga den Martin jetzt immer am Wochenende. Martin und Helga haben sich f\u00fcr eine Fernbeziehung entschieden.<\/p>\n<p><i>Fernbeziehungen sind Rollenmodelle, die in einer eingeschlechtlichen, zweigeschlechtlichen oder anders- geschlechtlichen Partnerschaft eingegangen werden, damit man den Druck aus der Spritze bekommt.<\/i><\/p>\n<p>Sp\u00e4ter gehen das Kind und ich einkaufen. Das Kind m\u00f6chte wissen, was eine Fernbeziehung ist und warum Martin immer so traurig guckt, wenn die Helga wegf\u00e4hrt. Bei einer Fernbeziehung wohnen die Partner an verschiedenen Orten, erkl\u00e4re ich dem Kind. Auf Grund des Berufes, Verpflichtungen die sich aus fr\u00fcheren Lebensgemeinschaften ergeben, manchmal aber auch medizinischen Gr\u00fcnden, hier sind als Beispiele eine asthmatische Erkrankungen oder eine Pollenallergie zu nennen, ist es nicht m\u00f6glich, zusammenzuziehen. Oft sind alle deswegen sehr traurig.<\/p>\n<p>Das Kind und ich stehen an der Supermarktkasse. Das Kind sagt, dass es auch sehr traurig ist. Leider versucht es in seiner Trauer ein paar S\u00fc\u00dfigkeiten zu mopsen und wird vom Filialleiter des Diebstahls \u00fcberf\u00fchrt. Ich versuche mich f\u00fcr das Kind zu entschuldigen, aber das Kind wei\u00df sich selber zu helfen. Erst kratzt es sich am Po, dann schreit es aus allen Rohren. \u201eMeine Scheide brennt\u201c, kreischt es, schmei\u00dft sich auf den Boden. \u201eMeine Scheide.\u201c<\/p>\n<p>Ich kenne diese Auff\u00e4lligkeiten bei ihr schon, andere nicht. B\u00f6se Blicke erreichen den Filialleiter: Ein Kleinkind, ein \u00e4lterer Herr in einem grauen Supermarktkittel, der das Kind offensichtlich gegen dessen Willen festh\u00e4lt, eine brennende Scheide. Der Fall ist f\u00fcr das Publikum klar und das Kind kommt ohne Strafe davon, darf sogar die S\u00fc\u00dfigkeiten behalten. Trotzdem werden wir hier nicht mehr einkaufen. Nicht der erste Supermarkt, denke ich.<\/p>\n<p><i>Studien zeigen, Fernbezieher ziehen es fr\u00fcher als andere vor, wieder wieder alleine zu leben. S\u00e4chsische Wissenschaftler (vielleicht auch nieders\u00e4chsische, das spielt hier gar keine Rolle) haben in einer mehrj\u00e4hrigen Langzeitstudie, dass Verhalten der Fernbezieher zum Benzinpreis analysiert und gezeigt, dass Forschung nicht immer sinnvoll ist. <\/i><\/p>\n<p>Wieder zu Hause klingelt das Kind beim Nachbarn und fragt, ob Martin und die dicke Helga auf Grund des Berufes, Verpflichtungen, die sich aus fr\u00fcheren Lebensgemeinschaften ergeben oder aus medizinischen Gr\u00fcnden nicht zusammenziehen. Martin erkl\u00e4rt darauf meine Tochter zur persona non grata und schmei\u00dft seine T\u00fcr zu. Das Kind bleibt mit vielen Fragen vor der T\u00fcr zur\u00fcck. Aber so ist das in dem Alter. Wichtig: F\u00fcr mich bleibt das Kind eine persona gratissima.<\/p>\n<p><i>(Als Persona non grata bezeichnet man den Status eines Angeh\u00f6rigen des diplomatischen Dienstes oder einer anderen Person, deren Aufenthalt von der Regierung des Gastlandes per Notifikation nicht mehr geduldet wird. Das Gegenteil ist die persona grata beziehungsweise die persona gratissima. Quelle: Wikipedia)<\/i><\/p>\n","protected":false},"excerpt":{"rendered":"<p>(Das bzw. der Pasquill (italienisch: \u201ekleiner Pasquino\u201c, auch: die Pasquinade) ist eine Schm\u00e4h- oder Spottschrift, die verfasst wird, um eine bestimmte Person zu verleumden oder in ihrer Ehre zu verletzen. Quelle: Wikipedia) Martin hat eine neue Freundin. \u201eDie Helga\u201c. So hat sie sich vorgestellt. \u201eHallo, ich bin die Helga.\u201c Das Kind hat die Helga gesehen [&hellip;]<\/p>\n","protected":false},"author":1,"featured_media":0,"comment_status":"open","ping_status":"open","sticky":false,"template":"","format":"standard","meta":{"footnotes":""},"categories":[6,15,16],"tags":[],"class_list":["post-751","post","type-post","status-publish","format-standard","hentry","category-das-oeffentliche-und-das-private","category-der-mensch-ist","category-was-er-isst"],"_links":{"self":[{"href":"http:\/\/ruhmundelend.de\/Blog\/wp-json\/wp\/v2\/posts\/751"}],"collection":[{"href":"http:\/\/ruhmundelend.de\/Blog\/wp-json\/wp\/v2\/posts"}],"about":[{"href":"http:\/\/ruhmundelend.de\/Blog\/wp-json\/wp\/v2\/types\/post"}],"author":[{"embeddable":true,"href":"http:\/\/ruhmundelend.de\/Blog\/wp-json\/wp\/v2\/users\/1"}],"replies":[{"embeddable":true,"href":"http:\/\/ruhmundelend.de\/Blog\/wp-json\/wp\/v2\/comments?post=751"}],"version-history":[{"count":3,"href":"http:\/\/ruhmundelend.de\/Blog\/wp-json\/wp\/v2\/posts\/751\/revisions"}],"predecessor-version":[{"id":754,"href":"http:\/\/ruhmundelend.de\/Blog\/wp-json\/wp\/v2\/posts\/751\/revisions\/754"}],"wp:attachment":[{"href":"http:\/\/ruhmundelend.de\/Blog\/wp-json\/wp\/v2\/media?parent=751"}],"wp:term":[{"taxonomy":"category","embeddable":true,"href":"http:\/\/ruhmundelend.de\/Blog\/wp-json\/wp\/v2\/categories?post=751"},{"taxonomy":"post_tag","embeddable":true,"href":"http:\/\/ruhmundelend.de\/Blog\/wp-json\/wp\/v2\/tags?post=751"}],"curies":[{"name":"wp","href":"https:\/\/api.w.org\/{rel}","templated":true}]}}