{"id":744,"date":"2020-06-20T09:31:08","date_gmt":"2020-06-20T07:31:08","guid":{"rendered":"http:\/\/ruhmundelend.de\/Blog\/?p=744"},"modified":"2020-06-20T09:31:08","modified_gmt":"2020-06-20T07:31:08","slug":"notizen-aus-dem-reihenhaeuschen-rassist","status":"publish","type":"post","link":"http:\/\/ruhmundelend.de\/Blog\/2020\/06\/20\/notizen-aus-dem-reihenhaeuschen-rassist\/","title":{"rendered":"Notizen aus dem Reihenh\u00e4uschen \u2013 Rassist"},"content":{"rendered":"<p><i>Wir m\u00f6chten einen Slam gegen Rassismus machen,<\/i> sagt die Studentin, Geisteswissenschaft und European Economic Management. <i>Wir wollen Flagge zeigen,<\/i> erkl\u00e4rt sie mir. Ich nicke. Einen Slam. Wow, tolle Idee, spektakul\u00e4r, denke ich und sage: <i>Flagge zeigen ist wichtig.<\/i><\/p>\n<p><i>Es d\u00fcrfen nur Texte vorgelesen werden, die sich mit Rassismus besch\u00e4ftigen. Du kennst doch sicher Slam Poeten, die Rassismus erfahren haben. So ein Afghane oder Schwarzafrikaner w\u00e4re toll.<\/i> Ich nicke. <i>Bestimmt sind da auch Schwarzafrikaner oder ein Afghane<\/i>, sage ich. Stolz erz\u00e4hle ich, dass ich sogar einen Autor aus Island kenne. Die Frau sagt aber, dass Island nicht so gut ist, weil man da zu wenig Unterschied sieht, <i>Aha<\/i>, sage ich. <i>Dann ist das abgemacht?<\/i>, fragt die Studentin. Ich nicke. <i>Abgemacht. Und eine Gage<\/i>, frage ich vorsichtig.<i> Das ist nat\u00fcrlich alles Ehrenamt. Also ich nehme da nichts f\u00fcr. Aber es gibt einen Hut,<\/i> erkl\u00e4rt die Frau. Ich nicke. <i>Lecker Hut, <\/i>sage ich.<\/p>\n<p>Aber \u201ehey\u201c, ich will nicht l\u00e4stern,. Flagge zeigen ist wichtig, haben wir auch gerade erst wieder gemacht. Gestern was gegen die Corona Pandemie, vorgestern gegen Umweltverschmutzung, davor f\u00fcr eine Auto freie Innenstadt, gegen die AFD sowieso, f\u00fcr sauberes Wasser und gegen Folter und Unmenschlichkeit, f\u00fcr mehr Frauen in F\u00fchrungspositionen (Das kannst du aber nicht moderieren, weil das doof aussieht, also ein Mann, der was f\u00fcr Frauen macht, sagte damals eine Frau, die es aber auch nicht machen wollte, und so habe ich es doch gemacht), gegen Atomkraft, gegen Tierversuche, f\u00fcr Tierwohl und veganen Freitag, f\u00fcr mehr Datenschutz, gegen die globalen Softwaregiganten, aber f\u00fcr eine globale Welt, nat\u00fcrlich f\u00fcr mehr Open Source, gegen Kapitalismus im Allgemeinen, gegen TTIP und CETA im Besonderen, f\u00fcr Europa, aber gegen ein Europa der Wirtschaft, f\u00fcr ein Europa der Menschen, der Kulturen, gegen Waldsterben, f\u00fcr Bienen und bedrohte V\u00f6lker, gegen Verschw\u00f6rungstheorien und ihre Theoretiker, f\u00fcr Schwarze, Behinderte, Fahrradfahrer, Asiaten, Afrikaner, f\u00fcr mehr Dorf, gegen das Aussterben der Innenst\u00e4dte, gegen Trump, gegen China (wegen Hongkong und die Uiguren), f\u00fcr ein freies Tibet, f\u00fcr barrierefreie Verwaltungsgeb\u00e4ude und wenigstens eine diverse Toilette in jeder \u00d6ffentlichen Einrichtungen, gegen Erdogan, aber nicht gegen die Bev\u00f6lkerung, das darf man nicht verwechseln, f\u00fcr Migration in unser Land, offene Grenzen, offene Gesellschaften, aber gegen Urlaub an den letzten unber\u00fchrten Flecken dieser Erde. F\u00fcr Wale, gegen Walfang und Zoohaltung, gegen Zirkustiere und gegen die Jagd von Wild im europ\u00e4ischen Mischwald..<\/p>\n<p>Alles schon gemacht. Flagge gezeigt. Aber manchmal frage ich mich, was ich eigentlich bin. Kulturnutte? Wobei ich Nutte nicht frauenfeindlich meine, sondern eher wie Homosexuelle schwul sagen, oder Schwarze sich Nigger nennen, so meine ich das. So anders eben.<\/p>\n<p>Die Texte f\u00fcr oder gegen eine Sache sind mittlerweile schnell geschrieben, die Flagge geschwind gezeigt. Man muss nur noch das Subjektiv wof\u00fcr oder wogegen man ist, austauschen und dann \u201eIch hasse es\u201c davor schreiben. Gerne nutze ich auch \u201eIch habe einen Traum&#8230;\u201c. Am besten vor jeden Absatz. Noch wahnwitziger: I have a dream&#8230;. Dann klappt das schon. Das geht schnell. Aber das ist auch schei\u00dfe, denke ich.<\/p>\n<p>Am Ende sage ich doch diesen Poetry Slam und der Stundentin ab. <i>Ich glaube, ich kann nicht mitmachen,<\/i> erkl\u00e4re ich mich.<\/p>\n<p><i>Rassist<\/i>, sagt sie.<\/p>\n<p>Ach du lieber Gott, denke ich und das ich \u00fcber den, den lieben Gott, wirklich gerne mal was schreiben w\u00fcrde.<\/p>\n","protected":false},"excerpt":{"rendered":"<p>Wir m\u00f6chten einen Slam gegen Rassismus machen, sagt die Studentin, Geisteswissenschaft und European Economic Management. Wir wollen Flagge zeigen, erkl\u00e4rt sie mir. Ich nicke. Einen Slam. Wow, tolle Idee, spektakul\u00e4r, denke ich und sage: Flagge zeigen ist wichtig. Es d\u00fcrfen nur Texte vorgelesen werden, die sich mit Rassismus besch\u00e4ftigen. Du kennst doch sicher Slam Poeten, [&hellip;]<\/p>\n","protected":false},"author":1,"featured_media":0,"comment_status":"open","ping_status":"open","sticky":false,"template":"","format":"standard","meta":{"footnotes":""},"categories":[1],"tags":[],"class_list":["post-744","post","type-post","status-publish","format-standard","hentry","category-allgemein"],"_links":{"self":[{"href":"http:\/\/ruhmundelend.de\/Blog\/wp-json\/wp\/v2\/posts\/744"}],"collection":[{"href":"http:\/\/ruhmundelend.de\/Blog\/wp-json\/wp\/v2\/posts"}],"about":[{"href":"http:\/\/ruhmundelend.de\/Blog\/wp-json\/wp\/v2\/types\/post"}],"author":[{"embeddable":true,"href":"http:\/\/ruhmundelend.de\/Blog\/wp-json\/wp\/v2\/users\/1"}],"replies":[{"embeddable":true,"href":"http:\/\/ruhmundelend.de\/Blog\/wp-json\/wp\/v2\/comments?post=744"}],"version-history":[{"count":1,"href":"http:\/\/ruhmundelend.de\/Blog\/wp-json\/wp\/v2\/posts\/744\/revisions"}],"predecessor-version":[{"id":745,"href":"http:\/\/ruhmundelend.de\/Blog\/wp-json\/wp\/v2\/posts\/744\/revisions\/745"}],"wp:attachment":[{"href":"http:\/\/ruhmundelend.de\/Blog\/wp-json\/wp\/v2\/media?parent=744"}],"wp:term":[{"taxonomy":"category","embeddable":true,"href":"http:\/\/ruhmundelend.de\/Blog\/wp-json\/wp\/v2\/categories?post=744"},{"taxonomy":"post_tag","embeddable":true,"href":"http:\/\/ruhmundelend.de\/Blog\/wp-json\/wp\/v2\/tags?post=744"}],"curies":[{"name":"wp","href":"https:\/\/api.w.org\/{rel}","templated":true}]}}