{"id":726,"date":"2020-06-16T17:14:17","date_gmt":"2020-06-16T15:14:17","guid":{"rendered":"http:\/\/ruhmundelend.de\/Blog\/?p=726"},"modified":"2020-06-16T17:17:08","modified_gmt":"2020-06-16T15:17:08","slug":"glosse-an-einem-dienstag","status":"publish","type":"post","link":"http:\/\/ruhmundelend.de\/Blog\/2020\/06\/16\/glosse-an-einem-dienstag\/","title":{"rendered":"Glosse an einem Dienstag"},"content":{"rendered":"<p>Ab heute kann man sich die Corona App herunterladen. Sie soll, laut Herrn Spahn, die Gesundheits\u00e4mter entlasten. Die digitale Jagd hat begonnen. Wenn nur sechszig Prozent der Bev\u00f6lkerung die App herunterladen und auch noch nutzen, wird alles gut, sagen sie im Radio. Ich sitze im Auto, bin auf dem R\u00fcckweg von der Kita. Nat\u00fcrlich kann ich auch morgens das Fahrrad nehmen, das dauert auch nicht viel l\u00e4nger, aber \u2026 ja, ich bin zu schwach. Au\u00dferdem kann ich im Auto Radio h\u00f6ren, rauchen, nachdenken. Ich \u00fcberhole eine alte Frau, die auf dem Fahrrad einen Mundschutz tr\u00e4gt. An der Ampel stehen Sch\u00fcler in Banden auf Gehwegen. Manche von ihnen haben Masken vor Mund und Nase. Ich \u00fcberlege, ob sie den Schutz freiwillig tragen. Alle schauen auf ihr Handy. Im Radio sagt gerade ein zugeschalteter H\u00f6rer, dass f\u00fcr ihn sechzig Prozent viel klingt. Ich nicke zustimmend. Ob die Sch\u00fcler die App heruntergeladen haben? Oder ihre Eltern f\u00fcr sie? Ich fahre an der Zukunft des Landes vorbei, \u00fcberhole danach\u00a0 ein zweites Mal die alte Frau. Sie ist in dem Alter meiner Mutter. Sie wei\u00df jedenfalls nicht, wie sie die App herunterladen kann. Sie wei\u00df noch nicht mal, was eine App ist. Manchmal fragt sie, ob sie sich ein Smartphone kaufen soll, aber sie scheitert schon an der Fernbedienung und dem Staubsaugerbeutel \u2013 Fach. Ich habe ihr abgeraten. Ein H\u00f6rer sagt, er findet alles schei\u00dfe. Ich finde es nicht gut, wenn man schei\u00dfe im Radio sagt.<\/p>\n","protected":false},"excerpt":{"rendered":"<p>Ab heute kann man sich die Corona App herunterladen. Sie soll, laut Herrn Spahn, die Gesundheits\u00e4mter entlasten. Die digitale Jagd hat begonnen. Wenn nur sechszig Prozent der Bev\u00f6lkerung die App herunterladen und auch noch nutzen, wird alles gut, sagen sie im Radio. Ich sitze im Auto, bin auf dem R\u00fcckweg von der Kita. Nat\u00fcrlich kann [&hellip;]<\/p>\n","protected":false},"author":1,"featured_media":0,"comment_status":"open","ping_status":"open","sticky":false,"template":"","format":"standard","meta":{"footnotes":""},"categories":[1],"tags":[],"class_list":["post-726","post","type-post","status-publish","format-standard","hentry","category-allgemein"],"_links":{"self":[{"href":"http:\/\/ruhmundelend.de\/Blog\/wp-json\/wp\/v2\/posts\/726"}],"collection":[{"href":"http:\/\/ruhmundelend.de\/Blog\/wp-json\/wp\/v2\/posts"}],"about":[{"href":"http:\/\/ruhmundelend.de\/Blog\/wp-json\/wp\/v2\/types\/post"}],"author":[{"embeddable":true,"href":"http:\/\/ruhmundelend.de\/Blog\/wp-json\/wp\/v2\/users\/1"}],"replies":[{"embeddable":true,"href":"http:\/\/ruhmundelend.de\/Blog\/wp-json\/wp\/v2\/comments?post=726"}],"version-history":[{"count":3,"href":"http:\/\/ruhmundelend.de\/Blog\/wp-json\/wp\/v2\/posts\/726\/revisions"}],"predecessor-version":[{"id":731,"href":"http:\/\/ruhmundelend.de\/Blog\/wp-json\/wp\/v2\/posts\/726\/revisions\/731"}],"wp:attachment":[{"href":"http:\/\/ruhmundelend.de\/Blog\/wp-json\/wp\/v2\/media?parent=726"}],"wp:term":[{"taxonomy":"category","embeddable":true,"href":"http:\/\/ruhmundelend.de\/Blog\/wp-json\/wp\/v2\/categories?post=726"},{"taxonomy":"post_tag","embeddable":true,"href":"http:\/\/ruhmundelend.de\/Blog\/wp-json\/wp\/v2\/tags?post=726"}],"curies":[{"name":"wp","href":"https:\/\/api.w.org\/{rel}","templated":true}]}}