{"id":721,"date":"2020-06-12T13:20:07","date_gmt":"2020-06-12T11:20:07","guid":{"rendered":"http:\/\/ruhmundelend.de\/Blog\/?p=721"},"modified":"2020-06-12T13:25:39","modified_gmt":"2020-06-12T11:25:39","slug":"opa-und-schopenhauer-opa-und-die-philosophen-teil-2","status":"publish","type":"post","link":"http:\/\/ruhmundelend.de\/Blog\/2020\/06\/12\/opa-und-schopenhauer-opa-und-die-philosophen-teil-2\/","title":{"rendered":"Opa und Schopenhauer (Opa und die Philosophen Teil 2)"},"content":{"rendered":"<p><i>Ohren, Ohren. Er hat keine Ohren, der taube Musikant,<\/i> sagte Schopenhauer \u00fcber Richard Wagner. Das finde ich schon mutig. W\u00fcrde ich nicht sagen. Bin aber auch nicht Schopenhauer.<\/p>\n<p>In einer Achtziger Jahre Dokumentation \u00fcber den Denker, der auf Grund eines fr\u00fch ausgezahlten Erbes nie nach Arbeit schauen musste, wei\u00df ein Professor Doktor Schn\u00e4delbach, Philosophie-Professor aus Hamburg, dass der w\u00fctende Mann, der dort gegen den Musiker Star wettert, der Stammvater des Modernen Irrationalismus ist.<\/p>\n<p>Um diesem Stammvater Ehre zu erweisen, hat das Fernsehen sich etwas ausgedacht. Es hat den Herrn Professor auf ein Sofa drapiert, es l\u00e4sst ihn von der Seite, leicht von oben zu uns Kindern in den Wohnzimmer sprechen. Er hat uns etwas zu sagen, sagt die Geste und das Fernsehen, etwas, was wir nie vergessen d\u00fcrfen.<\/p>\n<p>\u201e<i>Kinder, euer Opa ist sehr, sehr krank. Sein Glaube reichte nicht aus, die schweren Pr\u00fcfungen des modernen Mannes, die moralisch religi\u00f6sen Herausforderungen der postmodernen Moderne, also unseres Lebens zu bestehen. Lust, Laster, Leidenschaft, den Apfel und die Eva w\u00e4hlte er, nach Evas Schwestern, Cousinen, Freundinnen und Bekannten l\u00fcsterte er. Lasterhafter Blick, leidenschaftlich Spiel mit den Schlangen des rotk\u00f6pfigen Schlangenherrschers SchlangoMania, erotische Gespielin der H\u00f6llenbrut. <\/i><\/p>\n<p>Der Professor Schn\u00e4delbach h\u00e4lt inne, l\u00e4sst die Spannung in unseren Achtziger Wohnzimmern steigen.<i> <\/i><\/p>\n<p><i>Euer Opa, Kinder&#8230;<\/i><\/p>\n<p>Leonardo Cocktail Gl\u00e4ser beschlagen, Blue Curacao flie\u00dft auf Glas-Coach Tische, dessen Licht in Scherben Spiegel vor schwarz-wei\u00dfen Harlekins zur\u00fcckgeworfen wird .<\/p>\n<p><i>Euer Opa ist das B\u00f6se. <\/i><\/p>\n<p>Auch wenn er etwas anderes sagt, der feine Herr Professor, gucken tut er so. Nat\u00fcrlich drapiert man heute Professoren anders beim Fernsehen. Meistens setzt man sie vor B\u00fccherregale oder vor \u00fcberladene Schreibtische. Zeitzeugen dagegen setzt das Fernsehen gerne vor eine schwarze Wand, sicher wegen der dunklen, undurchsichtigen Geschichte. Aus der tiefen Nacht der Historie h\u00f6ren wie noch die Zeugen der Zeit.<\/p>\n<p>Aber in den Achtzigern war eben mehr Lametta, mehr Glamour. Und so erz\u00e4hlt der Herr Professor \u00fcber den Denker und ich denke an Opa, meinen Opa, wie er auf dem Sofa sich drapierte und leicht von oben zu mir, seinem Enkel sprach.<\/p>\n<p><i>Kind, dein Vater ist sehr, sehr krank. Lust, Laster, Leidenschaft, den Apfel und die Eva w\u00e4hlte er.<\/i><\/p>\n<p>Heute wei\u00df ich, dass Opa nicht so gut mit meinem Vater konnte. Aber damals war ich sehr beeindruckt und hatte lange an Opas Geschichte zu kauen.<\/p>\n","protected":false},"excerpt":{"rendered":"<p>Ohren, Ohren. Er hat keine Ohren, der taube Musikant, sagte Schopenhauer \u00fcber Richard Wagner. Das finde ich schon mutig. W\u00fcrde ich nicht sagen. Bin aber auch nicht Schopenhauer. In einer Achtziger Jahre Dokumentation \u00fcber den Denker, der auf Grund eines fr\u00fch ausgezahlten Erbes nie nach Arbeit schauen musste, wei\u00df ein Professor Doktor Schn\u00e4delbach, Philosophie-Professor aus [&hellip;]<\/p>\n","protected":false},"author":1,"featured_media":0,"comment_status":"open","ping_status":"open","sticky":false,"template":"","format":"standard","meta":{"footnotes":""},"categories":[1],"tags":[],"class_list":["post-721","post","type-post","status-publish","format-standard","hentry","category-allgemein"],"_links":{"self":[{"href":"http:\/\/ruhmundelend.de\/Blog\/wp-json\/wp\/v2\/posts\/721"}],"collection":[{"href":"http:\/\/ruhmundelend.de\/Blog\/wp-json\/wp\/v2\/posts"}],"about":[{"href":"http:\/\/ruhmundelend.de\/Blog\/wp-json\/wp\/v2\/types\/post"}],"author":[{"embeddable":true,"href":"http:\/\/ruhmundelend.de\/Blog\/wp-json\/wp\/v2\/users\/1"}],"replies":[{"embeddable":true,"href":"http:\/\/ruhmundelend.de\/Blog\/wp-json\/wp\/v2\/comments?post=721"}],"version-history":[{"count":3,"href":"http:\/\/ruhmundelend.de\/Blog\/wp-json\/wp\/v2\/posts\/721\/revisions"}],"predecessor-version":[{"id":724,"href":"http:\/\/ruhmundelend.de\/Blog\/wp-json\/wp\/v2\/posts\/721\/revisions\/724"}],"wp:attachment":[{"href":"http:\/\/ruhmundelend.de\/Blog\/wp-json\/wp\/v2\/media?parent=721"}],"wp:term":[{"taxonomy":"category","embeddable":true,"href":"http:\/\/ruhmundelend.de\/Blog\/wp-json\/wp\/v2\/categories?post=721"},{"taxonomy":"post_tag","embeddable":true,"href":"http:\/\/ruhmundelend.de\/Blog\/wp-json\/wp\/v2\/tags?post=721"}],"curies":[{"name":"wp","href":"https:\/\/api.w.org\/{rel}","templated":true}]}}