{"id":665,"date":"2019-01-09T12:59:40","date_gmt":"2019-01-09T11:59:40","guid":{"rendered":"http:\/\/ruhmundelend.de\/Blog\/?p=665"},"modified":"2019-01-09T13:09:59","modified_gmt":"2019-01-09T12:09:59","slug":"schluss-mit-facebook-geht-mal-wieder-in-den-wald-oder-kauft-euch-ne-katze","status":"publish","type":"post","link":"http:\/\/ruhmundelend.de\/Blog\/2019\/01\/09\/schluss-mit-facebook-geht-mal-wieder-in-den-wald-oder-kauft-euch-ne-katze\/","title":{"rendered":"Schluss mit Facebook. Geht mal wieder in den Wald oder kauft euch ne Katze"},"content":{"rendered":"<p>Es ist soweit: Alle finden Facebook, Twitter, Instagram und Co doof. Zum Beispiel Claudia S. aus M. Auf die Frage wie sie Facebook findet, schreibt die Hernerin: \u201eIch find Facebook doof. Nur Hate Speech, bl\u00f6de Katzenvideos und Penispumpen.\u201c Die Claudia kann sich dar\u00fcber richtig aufregen. \u201eWissen sie, was sie mit ihrer Penispumpe machen k\u00f6nnen?\u201c, fragt Claudia S. aus H. \u201eDie k\u00f6nnen sie sich \u00fcber die Nase ziehen. Das k\u00f6nnen sie damit machen\u201c, beantwortet sie ihre eigene Frage. Trotz ihrer Wut hat Claudia S. ihren Humor noch nicht verloren.<\/p>\n<p>Und die Claudia ist nicht die Einzige, die so denkt. Viele finden momentan Facebook doof. Doch die Claudia geht sogar einen Schritt weiter. \u201eMorgen melde ich ab. Dann ist Schlu\u00df, schrieb Claudia \u00fcberraschend f\u00fcr viele heute Morgen auf ihre Pinnwand. Zuerst hatte Claudia Angst vor diesem Schritt, aber ihre Freunde haben sie unterst\u00fctzt und ihr gezeigt, dass es der richtige Weg ist.<\/p>\n<p>\u201eZuerst war ich unsicher, aber ich habe soviel Zustimmung erfahren. So viele liebe Worte. Das war echt toll\u201c, schreibt die Claudia uns. Viele ihre Freunde haben ihr mit einem \u201eGef\u00e4llt mir\u201c Daumen gezeigt, wie mutig sie den Schritt fanden, aber so mancher hat auch geschrieben, dass Claudia ihnen fehlen wird.<\/p>\n<p>\u201eWenn man diesen Schritt wagt, sollte man genau \u00fcberlegen, wie man die Zeit, die einem auf einmal zur Verf\u00fcgung steht, sinnvoll nutzt. Viele fallen in ein tiefes analoges Loch, nachdem sie sich abgemeldet haben, sagt Social Media Versteher Klaus von B\u00fclow. Nicht selten f\u00fcllen sie das Loch mit alkoholischen Getr\u00e4nken oder Tabletten. Die Experten sprechen hier von Suchtverlagerung.<\/p>\n<p>Auch Claudia S. hat keine Angst, dass sie die neue Freiheit nicht f\u00fcllen kann. Sie hat sich vorgenommen, jeden Tag einen Spaziergang zu machen. Auch \u00fcberlegt sie, sich eine Katze zu kaufen. \u201eVielleicht mache ich dann selber Katzenvideos.\u201c Sie lacht bei dem Gedanken. Und wenn es es gar nicht funktioniert, wei\u00df sie, dass sie immer wieder zur\u00fcck kann. Ihr pers\u00f6nlichen Daten bleiben im Netz und bei Facebook. F\u00fcr immer.<\/p>\n","protected":false},"excerpt":{"rendered":"<p>Es ist soweit: Alle finden Facebook, Twitter, Instagram und Co doof. Zum Beispiel Claudia S. aus M. Auf die Frage wie sie Facebook findet, schreibt die Hernerin: \u201eIch find Facebook doof. Nur Hate Speech, bl\u00f6de Katzenvideos und Penispumpen.\u201c Die Claudia kann sich dar\u00fcber richtig aufregen. \u201eWissen sie, was sie mit ihrer Penispumpe machen k\u00f6nnen?\u201c, fragt [&hellip;]<\/p>\n","protected":false},"author":1,"featured_media":0,"comment_status":"open","ping_status":"open","sticky":false,"template":"","format":"standard","meta":{"footnotes":""},"categories":[1,6,17,13],"tags":[],"class_list":["post-665","post","type-post","status-publish","format-standard","hentry","category-allgemein","category-das-oeffentliche-und-das-private","category-digital","category-politik"],"_links":{"self":[{"href":"http:\/\/ruhmundelend.de\/Blog\/wp-json\/wp\/v2\/posts\/665"}],"collection":[{"href":"http:\/\/ruhmundelend.de\/Blog\/wp-json\/wp\/v2\/posts"}],"about":[{"href":"http:\/\/ruhmundelend.de\/Blog\/wp-json\/wp\/v2\/types\/post"}],"author":[{"embeddable":true,"href":"http:\/\/ruhmundelend.de\/Blog\/wp-json\/wp\/v2\/users\/1"}],"replies":[{"embeddable":true,"href":"http:\/\/ruhmundelend.de\/Blog\/wp-json\/wp\/v2\/comments?post=665"}],"version-history":[{"count":1,"href":"http:\/\/ruhmundelend.de\/Blog\/wp-json\/wp\/v2\/posts\/665\/revisions"}],"predecessor-version":[{"id":666,"href":"http:\/\/ruhmundelend.de\/Blog\/wp-json\/wp\/v2\/posts\/665\/revisions\/666"}],"wp:attachment":[{"href":"http:\/\/ruhmundelend.de\/Blog\/wp-json\/wp\/v2\/media?parent=665"}],"wp:term":[{"taxonomy":"category","embeddable":true,"href":"http:\/\/ruhmundelend.de\/Blog\/wp-json\/wp\/v2\/categories?post=665"},{"taxonomy":"post_tag","embeddable":true,"href":"http:\/\/ruhmundelend.de\/Blog\/wp-json\/wp\/v2\/tags?post=665"}],"curies":[{"name":"wp","href":"https:\/\/api.w.org\/{rel}","templated":true}]}}