{"id":652,"date":"2018-11-06T22:48:01","date_gmt":"2018-11-06T21:48:01","guid":{"rendered":"http:\/\/ruhmundelend.de\/Blog\/?p=652"},"modified":"2018-11-07T07:37:19","modified_gmt":"2018-11-07T06:37:19","slug":"mit-maassen-im-ruhestand-trinken-oder-wenn-der-maassen-dein-gras-maeht","status":"publish","type":"post","link":"http:\/\/ruhmundelend.de\/Blog\/2018\/11\/06\/mit-maassen-im-ruhestand-trinken-oder-wenn-der-maassen-dein-gras-maeht\/","title":{"rendered":"Mit Maa\u00dfen trinken"},"content":{"rendered":"<p><span style=\"font-size: large;\">Herr Maa\u00dfen ist gestern vorzeitig pensioniert worden. Mein AOK Gesundheitsmagazin warnte schon vor l\u00e4ngerer Zeit, dass viele Fr\u00fchrentner oder fr\u00fchpensionierte Schwierigkeiten haben, die neue Freizeit sinnvoll zu f\u00fcllen. Sie fangen an zu trinken, sitzen den ganzen Tag vor der Glotze und tyrannisieren ihre Mitmenschen. Ich wei\u00df, wovon ich rede. Mein Vater war auch Fr\u00fchrentner. Doch er konnte nie den lieben Gott einen gut Mann sein lassen. Das sagte er immer: Ich kann doch nicht den lieben Gott einen gut Mann sein lassen und dann zog er seine gr\u00fcnen Gummistiefel an und m\u00e4hte bei den Nachbarn f\u00fcr ein paar Mark den Rasen oder Schnitt ihre Hecke. Nachbarschaftshilfe ist das, hat mein Vater mir erkl\u00e4rt, wenn ich fragte und auch wenn ich nicht fragte, hat er es mir erkl\u00e4rt. Er war eben auch ein bi\u00dfchen stolz darauf. Meine Mutter nicht. Sie sagte, ich darf das nicht in der Schule erz\u00e4hlen, dass der Papa Nachbarschaftshilfe macht und ich versprach es.<\/span><\/p>\n<p><span style=\"font-size: large;\">Herr Maa\u00dfen kann jetzt auch Nachbarschaftshilfe machen. Als alter Geheimdienstler wei\u00df er auch genau, was man weiter erz\u00e4hlen darf und was nicht. Herr Maa\u00dfen hat schon angek\u00fcndigt, dass er ein wenig Nachbarschaftshilfe machen m\u00f6chte. Nat\u00fcrlich m\u00f6chte Herr Maa\u00dfen nicht den Rasen seiner Nachbarn m\u00e4hen &#8211; auch wenn das eine hochanst\u00e4ndige Arbeit ist, was man auch mal sagen muss. Herr Maa\u00dfen dachte eher an etwas politisches oder eine wirtschaftliche Geschichte. Vielleicht mal ein Stra\u00dfenfest organisieren oder eine Mahnwache abhalten. Mit den neuen Freunden f\u00fcr eine gute Sache eintreten. Die neuen Freunde, die so zahlreich geworden sind, auch weil man hier und da ein Auge zugedr\u00fcckt hat. Oder man k\u00f6nnte Spenden sammeln gegen die radikalen Elemente in der Sozialdemokratie. Gegen Brandstifter wie diesen hanseatischen Polit-Hooligan, der sich Finanzminister schimpft, oder gegen Aufr\u00fchrer und Populisten wie diese st\u00e4mmige Matrone, die erst gerade wieder Pipi Langstrumpf auf der politischen B\u00fchne zitiert hat. <\/span><\/p>\n<p><span style=\"font-size: large;\">Es gibt viele Arte der Nachbarschaftshilfe. Man darf dar\u00fcber aber eigentlich nicht sprechen, weil man als Fr\u00fchrentner und vorzeitig Pensionierten eigentlich gar nichts mehr machen sollte. Wenn ich mir etwas zu Weihnachten w\u00fcnschen d\u00fcrfte dann w\u00fcrde ich mir w\u00fcnschen, dass Herr Maa\u00dfen keine Nachbarschaftshilfe machen kann. Das ihn einfach keiner will. Aber das geht nicht nat\u00fcrlich nicht. Der Wunsch. Wegen dem Weihnachtsmann und auch der Selbstgerechtigkeit, meine ich. <\/span><\/p>\n","protected":false},"excerpt":{"rendered":"<p>Herr Maa\u00dfen ist gestern vorzeitig pensioniert worden. Mein AOK Gesundheitsmagazin warnte schon vor l\u00e4ngerer Zeit, dass viele Fr\u00fchrentner oder fr\u00fchpensionierte Schwierigkeiten haben, die neue Freizeit sinnvoll zu f\u00fcllen. Sie fangen an zu trinken, sitzen den ganzen Tag vor der Glotze und tyrannisieren ihre Mitmenschen. Ich wei\u00df, wovon ich rede. Mein Vater war auch Fr\u00fchrentner. Doch [&hellip;]<\/p>\n","protected":false},"author":1,"featured_media":0,"comment_status":"open","ping_status":"open","sticky":false,"template":"","format":"standard","meta":{"footnotes":""},"categories":[1,6,13],"tags":[],"class_list":["post-652","post","type-post","status-publish","format-standard","hentry","category-allgemein","category-das-oeffentliche-und-das-private","category-politik"],"_links":{"self":[{"href":"http:\/\/ruhmundelend.de\/Blog\/wp-json\/wp\/v2\/posts\/652"}],"collection":[{"href":"http:\/\/ruhmundelend.de\/Blog\/wp-json\/wp\/v2\/posts"}],"about":[{"href":"http:\/\/ruhmundelend.de\/Blog\/wp-json\/wp\/v2\/types\/post"}],"author":[{"embeddable":true,"href":"http:\/\/ruhmundelend.de\/Blog\/wp-json\/wp\/v2\/users\/1"}],"replies":[{"embeddable":true,"href":"http:\/\/ruhmundelend.de\/Blog\/wp-json\/wp\/v2\/comments?post=652"}],"version-history":[{"count":4,"href":"http:\/\/ruhmundelend.de\/Blog\/wp-json\/wp\/v2\/posts\/652\/revisions"}],"predecessor-version":[{"id":656,"href":"http:\/\/ruhmundelend.de\/Blog\/wp-json\/wp\/v2\/posts\/652\/revisions\/656"}],"wp:attachment":[{"href":"http:\/\/ruhmundelend.de\/Blog\/wp-json\/wp\/v2\/media?parent=652"}],"wp:term":[{"taxonomy":"category","embeddable":true,"href":"http:\/\/ruhmundelend.de\/Blog\/wp-json\/wp\/v2\/categories?post=652"},{"taxonomy":"post_tag","embeddable":true,"href":"http:\/\/ruhmundelend.de\/Blog\/wp-json\/wp\/v2\/tags?post=652"}],"curies":[{"name":"wp","href":"https:\/\/api.w.org\/{rel}","templated":true}]}}