{"id":616,"date":"2018-06-30T19:48:27","date_gmt":"2018-06-30T17:48:27","guid":{"rendered":"http:\/\/ruhmundelend.de\/Blog\/?p=616"},"modified":"2021-07-09T18:33:33","modified_gmt":"2021-07-09T16:33:33","slug":"schwarz-rot-gold","status":"publish","type":"post","link":"http:\/\/ruhmundelend.de\/Blog\/2018\/06\/30\/schwarz-rot-gold\/","title":{"rendered":"SCHWARZ ROT GOLD"},"content":{"rendered":"<p>Der Adi hat seine Flagge und den ganzen Krempel jetzt wieder reingeholt. \u201eWo die Deutschen wieder einmal so im Osten versagt haben, muss ich nicht auch noch Flagge zeigen\u201c, erkl\u00e4rt Adi gerne, wenn jemand fragt, und irgendeiner fragt ja immer. Dabei hatte sich Adi so M\u00fche mit dem Haus- und Hofschmuck gegeben. Sein Auto hatte zwei kleine F\u00e4hnchen im Fenster, die Seitenspiegel waren mit Deutschland\u00fcberzieher versehen, in seinem Garten hisste er an einem 10 Meter Fahnenmast Schwarz Rot Gold und in jedem Fenster hing wenigstens ein kleiner Deutschlandwimpel. Der Adi war der zw\u00f6lfte Mann in Russland, also eigentlich hinterm Fernseher, aber dort schrie er bis nach Russland.<\/p>\n<p>Aber ach, hat alles nichts gen\u00fctzt. Der Deutsche hat im Osten wieder versagt, betont Adi, wenn man ihn fragt und irgendeiner fragt ja immer. Der Deutsche kann den Osten einfach nicht. Adi wei\u00df das. Adi hat B\u00fccher gelesen, wo das drinnen steht. Der deutsche Plan im Osten neue Gebiete f\u00fcr das Volk zu annektieren, ist im 20. Jahrhundert zweimal sch\u00f6n daneben gegangen, schreiben deutsche Wissenschaftler in deutschen B\u00fcchern, die \u00fcber deutsche Verlage vertrieben werden.<\/p>\n<p>Das erz\u00e4hlt Adi gerne jeden, der danach fragt und irgendjemand fragt ja eigentlich immer.<\/p>\n<p>Nein, jetzt wird nicht mehr Flagge gezeigt, auch wenn Adi stolz auf seine Flagge ist. Seit 2006 darf der Deutsche n\u00e4mlich wieder Flagge zeigen, weil er so ein klasse Gastgeber war.<\/p>\n<p>\u201eDu, der Deutsche, der hat sich ver\u00e4ndert. Die Kartoffel ist richtig nett geworden.\u201c Solche S\u00e4tze haben die Ausl\u00e4nder im Sommer 2006 gesagt, als die ganzen \u00d6laugen, Neger und Itaker Adi und die anderen Deutschen besucht haben. Das war ein Jahr. Adi kriegt immer Tr\u00e4nen in die Augen, wenn er daran denkt, wie sch\u00f6n das war. Weltmeister wurde man nicht, aber man gezeigt, dass es den guten Deutschen gibt. Und auch der Adi ist in Guter. Ein guter Deutscher. Auch der Adi isst gerne mal einen D\u00f6ner oder zwei. Und Pizza. Die Pizza ist f\u00fcr den Adi eigentlich schon so normal wie eine anst\u00e4ndige Currywurst. Da f\u00e4ngt n\u00e4mlich Gastfreundschaft an. Auch mal das Fremde zulassen. Ja, und der Adi wei\u00df, die Internationale K\u00fcche zu sch\u00e4tzen. Mach scharf, sagt er gerne, zu seinem Lieblings-D\u00f6nermann und der D\u00f6nnermann kann scharf, das glaube mal. Das betont der Adi auch gerne, das der D\u00f6nermann scharf kann, wenn man ihn fragt, und irgendeiner fragt ja immer.<\/p>\n<p>1936 bei den Olympischen Spielen hat der Deutsche auch gezeigt, dass er ein guter Gastgeber war. Damals durfte auch der Neger aus Amerika mitspielen, da hat niemand was gesagt. Heute spielt der Neger sogar bei den Deutschen mit, da sagt nat\u00fcrlich der ein oder andere was. So als Nachbar m\u00f6chte man ihn ja nicht haben, den Neger, sagt der ein oder andere leise. Weil das darf man wohl noch sagen, sagt man, wenn man das eigentlich nicht sagen darf. Neger, Neger, denkt Adi und lacht. \u201eLieber Neger, seien sie uns willkommen, aber nicht als Nachbar\u201c, sagt ein Kollege von Adi immer. Der Spinnemann. Wie der Gauland. Auch so ein Spinnemann. Da muss sogar Adi lachen, wenn der Kollege so Sp\u00e4\u00dfchen macht. Aber heute ist Adi nicht nach Sp\u00e4\u00dfchen. Ne, Adi ist traurig. Jetzt auch noch die Schande von Russland. Um wer ist schuld? Viele. Der Osten. Der Neger. Die beiden T\u00fcrken. Die Merkel. Und die Gr\u00fcnen sowieso. Die Windbeutel.<\/p>\n<p>Naja, Adi h\u00e4ngt die Flagge ab. Und Montag,, wenn der Seehofer die Merkel richtig in den Popo \u2026 dann steht der Adi mit an der Grenze, Fl\u00fcchtlinge kloppen.<\/p>\n","protected":false},"excerpt":{"rendered":"<p>Der Adi hat seine Flagge und den ganzen Krempel jetzt wieder reingeholt. \u201eWo die Deutschen wieder einmal so im Osten versagt haben, muss ich nicht auch noch Flagge zeigen\u201c, erkl\u00e4rt Adi gerne, wenn jemand fragt, und irgendeiner fragt ja immer. Dabei hatte sich Adi so M\u00fche mit dem Haus- und Hofschmuck gegeben. Sein Auto hatte [&hellip;]<\/p>\n","protected":false},"author":1,"featured_media":0,"comment_status":"closed","ping_status":"open","sticky":false,"template":"","format":"standard","meta":{"footnotes":""},"categories":[1],"tags":[],"class_list":["post-616","post","type-post","status-publish","format-standard","hentry","category-allgemein"],"_links":{"self":[{"href":"http:\/\/ruhmundelend.de\/Blog\/wp-json\/wp\/v2\/posts\/616"}],"collection":[{"href":"http:\/\/ruhmundelend.de\/Blog\/wp-json\/wp\/v2\/posts"}],"about":[{"href":"http:\/\/ruhmundelend.de\/Blog\/wp-json\/wp\/v2\/types\/post"}],"author":[{"embeddable":true,"href":"http:\/\/ruhmundelend.de\/Blog\/wp-json\/wp\/v2\/users\/1"}],"replies":[{"embeddable":true,"href":"http:\/\/ruhmundelend.de\/Blog\/wp-json\/wp\/v2\/comments?post=616"}],"version-history":[{"count":1,"href":"http:\/\/ruhmundelend.de\/Blog\/wp-json\/wp\/v2\/posts\/616\/revisions"}],"predecessor-version":[{"id":617,"href":"http:\/\/ruhmundelend.de\/Blog\/wp-json\/wp\/v2\/posts\/616\/revisions\/617"}],"wp:attachment":[{"href":"http:\/\/ruhmundelend.de\/Blog\/wp-json\/wp\/v2\/media?parent=616"}],"wp:term":[{"taxonomy":"category","embeddable":true,"href":"http:\/\/ruhmundelend.de\/Blog\/wp-json\/wp\/v2\/categories?post=616"},{"taxonomy":"post_tag","embeddable":true,"href":"http:\/\/ruhmundelend.de\/Blog\/wp-json\/wp\/v2\/tags?post=616"}],"curies":[{"name":"wp","href":"https:\/\/api.w.org\/{rel}","templated":true}]}}