{"id":613,"date":"2018-06-28T12:13:29","date_gmt":"2018-06-28T10:13:29","guid":{"rendered":"http:\/\/ruhmundelend.de\/Blog\/?p=613"},"modified":"2018-06-28T12:23:35","modified_gmt":"2018-06-28T10:23:35","slug":"ueber-dumme-menschen","status":"publish","type":"post","link":"http:\/\/ruhmundelend.de\/Blog\/2018\/06\/28\/ueber-dumme-menschen\/","title":{"rendered":"\u00dcber dumme Menschen"},"content":{"rendered":"<p>Obacht B\u00fcrger! M\u00fcnsters hat mit sinkenden K\u00e4uferzahlen in der guten Stube zu k\u00e4mpfen. M\u00fcnsters Einzelhandel geht den Bach runter.\u00a0 In einem Leserbrief, verfasst von einer Monika R. aus dem Pendler-Dorf O., werden jetzt die wirklichen Gr\u00fcnde benannt.<\/p>\n<p>Obacht! Es sind einmal nicht die Online Shops, die dem traditionellen H\u00e4ndler in der Stadt des Westf\u00e4lischen Friedens den Krieg erkl\u00e4rt haben &#8211; heute geht es nicht gegen Amazon, Zalando und Co.<\/p>\n<p>Obacht! Heute sind es auch nicht die zahlreichen Events, welche die Provinzhauptstadt in einen Vergn\u00fcgungspark verwandeln. Nat\u00fcrlich machen sie dem Kaufmann das Leben schwer, da wir beim zu Tode Vergn\u00fcgen gerne eine 1-Meter Bratwurst verspeisen, aber nicht unbedingt ein klassisches Porzellan Service erwerben.<\/p>\n<p>Nein, heute steckt der Teufel mal nicht im Online Handel oder im Freizeitpark Deutschland. Nein, heute sind es die Horden marodierender Radfahrer, die t\u00e4glich \u00fcber M\u00fcnsters Stra\u00dfen jagen, die der Kaufmannschaft, den Erben der alten Hanse, den Garaus bereiten.<a class=\"sdfootnoteanc\" href=\"#sdfootnote1sym\" name=\"sdfootnote1anc\"><sup>1<\/sup><\/a><\/p>\n<p>Monika R. wei\u00df in ihrem Leserbrief, von traumatisierten Besucher der Friedensstadt zu berichten, die einmal in der Innenstadt ausgesetzt, \u00e4ngstlich sich an Mauerw\u00e4nde dr\u00fcckten, um sich gegen den Fahrradfahrer zu sch\u00fctzen. Zu Hilfe. Zu Hilfe, stand auf den Lippen dieser fremden Besucher, so Monika R. aus dem monothematischen Pendler-Dorf O.<\/p>\n<p>Jetzt will man dem Schrecken jedes Autofahrer auch noch die Vorfahrt auf so mancher klassischer Autostra\u00dfe schenken. Monika R. sagt: \u201eObacht! Die Situation ist v\u00f6llig au\u00dfer Kontrolle.\u201c Heute fragt die Leserin und besorgte B\u00fcrgerin zu Recht: \u201eUnd was kommt als N\u00e4chstes?\u201c<\/p>\n<p>Erst wenn der letzte Diesel verschrottet, das letzte Kohlekraftwerk abgestellt und wir auf jedem H\u00fcgel eine Windkraftanlage gestellt haben, werden wir erkennen, das der wahre Teufel Bio isst, so die Leserin Monika R. aus dem Vorgarten- und Carport- Paradies O.<\/p>\n<p>Ich sage: \u201eMonika R., du hast Recht. Bald wird der letzte Autofahrer Deutschland den R\u00fccken kehren. Und ich hoffe, er nimmt dich mit.<\/p>\n<div id=\"sdfootnote1\">\n<p><a class=\"sdfootnotesym\" href=\"#sdfootnote1anc\" name=\"sdfootnote1sym\">1<\/a><\/p>\n<p><span style=\"font-size: small;\"><i>Der Ausdruck Garaus entstand aus dem Ruf \u201egar aus!\u201c (vollst\u00e4ndig aus!), der im 15. Jahrhundert in S\u00fcddeutschland die Polizeistunde ank\u00fcndigte. Sp\u00e4ter erhielt der Begriff allgemein die Bedeutung Ende. Heute wird er nur noch in der Wendung \u201ejemandem\/etwas den Garaus machen\u201c (jemanden t\u00f6ten oder vernichten, einer Sache ein Ende bereiten) verwendet<\/i><\/span><\/p>\n<\/div>\n","protected":false},"excerpt":{"rendered":"<p>Obacht B\u00fcrger! M\u00fcnsters hat mit sinkenden K\u00e4uferzahlen in der guten Stube zu k\u00e4mpfen. M\u00fcnsters Einzelhandel geht den Bach runter.\u00a0 In einem Leserbrief, verfasst von einer Monika R. aus dem Pendler-Dorf O., werden jetzt die wirklichen Gr\u00fcnde benannt. Obacht! Es sind einmal nicht die Online Shops, die dem traditionellen H\u00e4ndler in der Stadt des Westf\u00e4lischen Friedens [&hellip;]<\/p>\n","protected":false},"author":1,"featured_media":0,"comment_status":"open","ping_status":"open","sticky":false,"template":"","format":"standard","meta":{"footnotes":""},"categories":[1],"tags":[],"class_list":["post-613","post","type-post","status-publish","format-standard","hentry","category-allgemein"],"_links":{"self":[{"href":"http:\/\/ruhmundelend.de\/Blog\/wp-json\/wp\/v2\/posts\/613"}],"collection":[{"href":"http:\/\/ruhmundelend.de\/Blog\/wp-json\/wp\/v2\/posts"}],"about":[{"href":"http:\/\/ruhmundelend.de\/Blog\/wp-json\/wp\/v2\/types\/post"}],"author":[{"embeddable":true,"href":"http:\/\/ruhmundelend.de\/Blog\/wp-json\/wp\/v2\/users\/1"}],"replies":[{"embeddable":true,"href":"http:\/\/ruhmundelend.de\/Blog\/wp-json\/wp\/v2\/comments?post=613"}],"version-history":[{"count":2,"href":"http:\/\/ruhmundelend.de\/Blog\/wp-json\/wp\/v2\/posts\/613\/revisions"}],"predecessor-version":[{"id":615,"href":"http:\/\/ruhmundelend.de\/Blog\/wp-json\/wp\/v2\/posts\/613\/revisions\/615"}],"wp:attachment":[{"href":"http:\/\/ruhmundelend.de\/Blog\/wp-json\/wp\/v2\/media?parent=613"}],"wp:term":[{"taxonomy":"category","embeddable":true,"href":"http:\/\/ruhmundelend.de\/Blog\/wp-json\/wp\/v2\/categories?post=613"},{"taxonomy":"post_tag","embeddable":true,"href":"http:\/\/ruhmundelend.de\/Blog\/wp-json\/wp\/v2\/tags?post=613"}],"curies":[{"name":"wp","href":"https:\/\/api.w.org\/{rel}","templated":true}]}}