{"id":568,"date":"2018-01-20T16:15:37","date_gmt":"2018-01-20T15:15:37","guid":{"rendered":"http:\/\/ruhmundelend.de\/Blog\/?p=568"},"modified":"2018-01-20T17:18:46","modified_gmt":"2018-01-20T16:18:46","slug":"deutschlandreise-haltern-am-see","status":"publish","type":"post","link":"http:\/\/ruhmundelend.de\/Blog\/2018\/01\/20\/deutschlandreise-haltern-am-see\/","title":{"rendered":"Deutschlandreise #3 &#8211; Haltern am See"},"content":{"rendered":"<figure id=\"attachment_523\" aria-describedby=\"caption-attachment-523\" style=\"width: 300px\" class=\"wp-caption alignleft\"><img loading=\"lazy\" decoding=\"async\" class=\"wp-image-523 size-medium\" src=\"http:\/\/ruhmundelend.de\/Blog\/wp-content\/uploads\/2017\/11\/IMG_1393-e1509551590927-300x300.jpg\" alt=\"\" width=\"300\" height=\"300\" srcset=\"http:\/\/ruhmundelend.de\/Blog\/wp-content\/uploads\/2017\/11\/IMG_1393-e1509551590927-300x300.jpg 300w, http:\/\/ruhmundelend.de\/Blog\/wp-content\/uploads\/2017\/11\/IMG_1393-e1509551590927-150x150.jpg 150w, http:\/\/ruhmundelend.de\/Blog\/wp-content\/uploads\/2017\/11\/IMG_1393-e1509551590927-100x100.jpg 100w, http:\/\/ruhmundelend.de\/Blog\/wp-content\/uploads\/2017\/11\/IMG_1393-e1509551590927.jpg 640w\" sizes=\"(max-width: 300px) 100vw, 300px\" \/><figcaption id=\"caption-attachment-523\" class=\"wp-caption-text\">Bahnhof M\u00fcnster &#8211; Tor zur Welt<\/figcaption><\/figure>\n<p><span style=\"font-size: large;\">Mit der Eurobahn von M\u00fcnster. Dreizehn Euro Siebzig f\u00fcr eine halbe Stunde Fahrt, Bahn Card Nutzung nicht m\u00f6glich, da Verkehrsverbund. \u201eWarum habe ich diese bl\u00f6de Bahn Card \u00fcberhaupt\u201c, schimpfe ich mehr leise als laut. Im Zug Menschen in dicken Winterjacken, selbstgestrickten Schals und hippen Puddelm\u00fctzen, auf dem Boden ein Teppich aus Matsch und in der Luft ein Aroma zwischen Schwei\u00df und Pups. F\u00fcr mich gibt es noch einen Platz zwischen WC und Ticketautomat. Eine \u00e4ltere Dame guckt mich erwartend, ja fordernd an. Sie erwartet, ja fordert, dass ich ihr meinen Platz anbiete. Doch ich widerstehe: Man muss auch mal nein sagen k\u00f6nnen. Einfach mal wegschauen. Mutter sagt immer, Freundlichkeit macht nicht satt.<\/span><\/p>\n<p><span style=\"font-size: large;\">Also Klappsitz runter, Handy raus, Daumen drauf. \u00dcber mir ein Schimpfen einen \u00e4lteren Dame, doch heute kann ich abschalten. Da eine Kurznachricht auf meinem Smartphone. BILD sagt: Wieder keine wei\u00dfe Weihnacht. Ist das der Klimawandel? K\u00fchles Bier statt hei\u00dfem Gl\u00fchwein? Mutter sagt: Damals hat es immer im Winter geschneit. Nicht so wie heute. Die Kinder kennen ja gar kein Schnee mehr. Die Kinder kennen sowieso gar nichts mehr. Au\u00dfer Fernsehen und Gewalt. <\/span><\/p>\n<p><span style=\"font-size: large;\">N\u00e4chste Station Haltern am See. Ausstieg in Fahrtrichtung rechts. Haltern am See: Tor ins Ruhrgebiet. Mancher erinnert sich: Vor ein paar Jahren das Flugzeugungl\u00fcck. Ein Selbstm\u00f6rder steuert eine Boing gegen die Alpen. In dem Flieger eine Schulklasse aus der Gegend. Abifahrt nach Barcelona. Man besuchte La Rambla, die Sagrada Fam\u00edlia und die Fu\u00dfballfans Camp Nou, Messis Heimatverein. BILD schrieb: Der Pilot war depressiv. Eine ganze Stadt trauert, ein ganzes Land trauert.<\/span><\/p>\n<p><span style=\"font-size: large;\">Wikipedia lehrt, ein Selbstmord ist entweder aktiv, passiv oder aktiv erweitert. Bei einem aktivem erweiterten Selbstmord nimmt man noch weitere Personen mit. Zum Beispiel: Ein kranker Katholik, der sich in einem Beichtstuhl w\u00e4hrend der Sonntagsmesse kurz vor der Kommunion in die Luft jagt und hierbei ein Rudel gl\u00e4ubige Christen mit ins Paradies nimmt, begeht einen aktiven erweiterten Selbstmord. Ein geisteskranker Diktator, der sich tot hungert, weil seine Hauptdirne verstorben ist und sein Volk gleich mit verhungern l\u00e4sst, einfach kein Brot mehr gibt, begeht zum Beispiel passiven, erweiterten Selbstmord. <\/span><\/p>\n<p>\u201e<span style=\"font-size: large;\">Wenn sie kein Brot haben, sollen sie Kuchen essen\u201c, sagte Marie Antoinette. Diese Worte der ber\u00fchmten franz\u00f6sischen K\u00f6nigin haben nichts mit Selbstmord und Haltern am See zu tun, sind mir aber gerade in den Sinn gekommen. Er, der Satz, ist aber eine Fake News. Historiker sagen, sie hat das nie gesagt. Mutter sagt, glaub nicht alles, was du liest. Ne, glaube ich nicht. <\/span><\/p>\n<p><span style=\"font-size: large;\">Haltern am See. Tor ins Ruhrgebiet oder Tor ins M\u00fcnsterland. Das ist ja Ansichtssache. Das kommt auf die Perspektive an, also Richtung. So spricht der Bochumer vom Tor zum M\u00fcnsterland, der M\u00fcnsteraner vom Tor ins Ruhrgebiet. Im Sommer ein gro\u00dfes Zusammentreffen und Begucken. Wer kein Geld f\u00fcr Nord-, Ost- oder Bodensee hat, schwimmt gerne ein paar Bahnen im Haltener See. Hier trifft Bergbau auf Schweinemast, Zeche auf Acker. Am See \u00e4hnlich viele M\u00fcnsterl\u00e4nder wie Menschen aus dem Revier. Man gafft und staunt \u00fcber die Kultur des Anderen: \u201eHast du den gesehen?\u201c \u201eJa, so was aber auch.\u201c \u201eSowas sieht man bei uns ja nicht\u201c \u201eNe, er in Tigerbadehose und die Alte dackelt dem\u00fctig mit ihren G\u00f6ren ein paar Meter hinter ihrem Macker her.\u201c \u201eJa, f\u00fcnf G\u00f6ren hatte die, die J\u00fcngste vielleicht acht. Und alle am Rauchen.\u201c Man l\u00e4stert und l\u00e4chelt. Auf beiden Seiten.<\/span><\/p>\n<p><span style=\"font-size: large;\">Ein Bekannter eines Freundes kennt jemand, der hier wohnt. Jeden Tag pendelt der nach M\u00fcnster. Arme Sau, denke ich, als ich in Haltern am See aussteige. Aber im Sommer ein See vor der Haust\u00fcr. Man muss sich das Glas halbvoll vorstellen, nicht halbleer, dann geht es. M\u00fcnster Marketing sagt: M\u00fcnsterland, Toscana des Nordens. Das ist mal ein halbvolles Glas. <\/span><\/p>\n","protected":false},"excerpt":{"rendered":"<p>Mit der Eurobahn von M\u00fcnster. Dreizehn Euro Siebzig f\u00fcr eine halbe Stunde Fahrt, Bahn Card Nutzung nicht m\u00f6glich, da Verkehrsverbund. \u201eWarum habe ich diese bl\u00f6de Bahn Card \u00fcberhaupt\u201c, schimpfe ich mehr leise als laut. Im Zug Menschen in dicken Winterjacken, selbstgestrickten Schals und hippen Puddelm\u00fctzen, auf dem Boden ein Teppich aus Matsch und in der [&hellip;]<\/p>\n","protected":false},"author":1,"featured_media":0,"comment_status":"open","ping_status":"open","sticky":false,"template":"","format":"standard","meta":{"footnotes":""},"categories":[1,6,14],"tags":[],"class_list":["post-568","post","type-post","status-publish","format-standard","hentry","category-allgemein","category-das-oeffentliche-und-das-private","category-deutschlandreise"],"_links":{"self":[{"href":"http:\/\/ruhmundelend.de\/Blog\/wp-json\/wp\/v2\/posts\/568"}],"collection":[{"href":"http:\/\/ruhmundelend.de\/Blog\/wp-json\/wp\/v2\/posts"}],"about":[{"href":"http:\/\/ruhmundelend.de\/Blog\/wp-json\/wp\/v2\/types\/post"}],"author":[{"embeddable":true,"href":"http:\/\/ruhmundelend.de\/Blog\/wp-json\/wp\/v2\/users\/1"}],"replies":[{"embeddable":true,"href":"http:\/\/ruhmundelend.de\/Blog\/wp-json\/wp\/v2\/comments?post=568"}],"version-history":[{"count":3,"href":"http:\/\/ruhmundelend.de\/Blog\/wp-json\/wp\/v2\/posts\/568\/revisions"}],"predecessor-version":[{"id":571,"href":"http:\/\/ruhmundelend.de\/Blog\/wp-json\/wp\/v2\/posts\/568\/revisions\/571"}],"wp:attachment":[{"href":"http:\/\/ruhmundelend.de\/Blog\/wp-json\/wp\/v2\/media?parent=568"}],"wp:term":[{"taxonomy":"category","embeddable":true,"href":"http:\/\/ruhmundelend.de\/Blog\/wp-json\/wp\/v2\/categories?post=568"},{"taxonomy":"post_tag","embeddable":true,"href":"http:\/\/ruhmundelend.de\/Blog\/wp-json\/wp\/v2\/tags?post=568"}],"curies":[{"name":"wp","href":"https:\/\/api.w.org\/{rel}","templated":true}]}}