{"id":453,"date":"2017-09-02T20:22:27","date_gmt":"2017-09-02T18:22:27","guid":{"rendered":"http:\/\/ruhmundelend.de\/Blog\/?p=453"},"modified":"2017-09-02T20:32:36","modified_gmt":"2017-09-02T18:32:36","slug":"ein-sehr-wichtiges-interview-mit-zwei-stadtfuehrer-ueber-die-skulptur-projekte","status":"publish","type":"post","link":"http:\/\/ruhmundelend.de\/Blog\/2017\/09\/02\/ein-sehr-wichtiges-interview-mit-zwei-stadtfuehrer-ueber-die-skulptur-projekte\/","title":{"rendered":"Ein sehr wichtiges Interview mit zwei Stadtf\u00fchrer \u00fcber die Skulptur Projekte"},"content":{"rendered":"<p><img loading=\"lazy\" decoding=\"async\" class=\"alignleft wp-image-347 size-thumbnail\" src=\"http:\/\/ruhmundelend.de\/Blog\/wp-content\/uploads\/2017\/06\/IMG_0769-e1504376999943-150x150.jpg\" alt=\"\" width=\"150\" height=\"150\" srcset=\"http:\/\/ruhmundelend.de\/Blog\/wp-content\/uploads\/2017\/06\/IMG_0769-e1504376999943-150x150.jpg 150w, http:\/\/ruhmundelend.de\/Blog\/wp-content\/uploads\/2017\/06\/IMG_0769-e1504376999943-300x300.jpg 300w, http:\/\/ruhmundelend.de\/Blog\/wp-content\/uploads\/2017\/06\/IMG_0769-e1504376999943-768x768.jpg 768w, http:\/\/ruhmundelend.de\/Blog\/wp-content\/uploads\/2017\/06\/IMG_0769-e1504376999943-1024x1024.jpg 1024w, http:\/\/ruhmundelend.de\/Blog\/wp-content\/uploads\/2017\/06\/IMG_0769-e1504376999943-100x100.jpg 100w, http:\/\/ruhmundelend.de\/Blog\/wp-content\/uploads\/2017\/06\/IMG_0769-e1504376999943.jpg 1280w\" sizes=\"(max-width: 150px) 100vw, 150px\" \/>M\u00fcnster, Montag, 16 Uhr. In einem unglaublich hippen Caf\u00e9 in M\u00fcnster treffe ich auf meinen alten Kumpel Klaus V\u00f6stmann. Fr\u00fcher Slam Poet, heute nur noch Poet. &#8220;Die schreien immer soviel auf Slams&#8221;, sagt Klaus. &#8220;Nicht alle&#8221;, sage ich. &#8220;Aber viele.&#8221; Ich nicke.<\/p>\n<p>Er sitzt mit seiner Kollegin Julia zusammen bei Kaffee und Keksen. Beide machen seit Jahren Stadtf\u00fchrungen. Gerade machen sie Pause, da st\u00f6re ich mit einem bl\u00f6den Interview. &#8220;Hey!&#8221;, sage ich. &#8220;Was?&#8221;, fragt Klaus. &#8220;Wollen wir ein Interview machen?&#8221; &#8220;Unbedingt.&#8221; Und los geht es.<\/p>\n<p><!--more--><\/p>\n<p><i><img loading=\"lazy\" decoding=\"async\" class=\"size-medium wp-image-451 alignleft\" src=\"http:\/\/ruhmundelend.de\/Blog\/wp-content\/uploads\/2017\/06\/cropped-IMG_0657-e1497385496162-300x180.jpg\" alt=\"\" width=\"300\" height=\"180\" srcset=\"http:\/\/ruhmundelend.de\/Blog\/wp-content\/uploads\/2017\/06\/cropped-IMG_0657-e1497385496162-300x180.jpg 300w, http:\/\/ruhmundelend.de\/Blog\/wp-content\/uploads\/2017\/06\/cropped-IMG_0657-e1497385496162-768x460.jpg 768w, http:\/\/ruhmundelend.de\/Blog\/wp-content\/uploads\/2017\/06\/cropped-IMG_0657-e1497385496162-1024x613.jpg 1024w, http:\/\/ruhmundelend.de\/Blog\/wp-content\/uploads\/2017\/06\/cropped-IMG_0657-e1497385496162.jpg 2000w\" sizes=\"(max-width: 300px) 100vw, 300px\" \/>Ihr macht Stadtf\u00fchrungen, momentan haupts\u00e4chlich zu den Skulptur Projekten. K\u00f6nnt ihr als Stadtf\u00fchrer \u00fcberhaupt so spezielle Fragen zur Kunst beantworten und muss man nicht Kunsthistoriker sein, um dieses Kunst zu verstehen?<\/i><\/p>\n<p>Klaus: Da unsere G\u00e4ste zum gro\u00dfen Teil auch keine Kunsthistoriker sind, ist es manchmal sogar von Vorteil, die gleiche Sprache zu sprechen. Also wir haben uns intensiv mit den Kunstwerken besch\u00e4ftigt und uns alle erst einmal angeschaut. Ich glaube wir haben manchmal einen etwas einfacheren Zugang zur Kunst.<\/p>\n<p><i>Habt ihr euch vorher eingelesen?<\/i><\/p>\n<p>Klaus: Ja, klar.<\/p>\n<p>Julia: Wir haben vorher eine LWL F\u00fchrung mitgemacht<\/p>\n<p><i>Welche Skulptur gef\u00e4llt dem Publikum am Besten?<\/i><\/p>\n<p>Klaus: Der Steg im Hafen. Von der Ay\u015fe Erkmen<\/p>\n<p>Julia: Ja, das ist das Event. Da wollen alle hin.<\/p>\n<figure id=\"attachment_326\" aria-describedby=\"caption-attachment-326\" style=\"width: 150px\" class=\"wp-caption alignleft\"><img loading=\"lazy\" decoding=\"async\" class=\"wp-image-326 size-thumbnail\" src=\"http:\/\/ruhmundelend.de\/Blog\/wp-content\/uploads\/2017\/06\/IMG_0756-150x150.jpg\" alt=\"\" width=\"150\" height=\"150\" srcset=\"http:\/\/ruhmundelend.de\/Blog\/wp-content\/uploads\/2017\/06\/IMG_0756-150x150.jpg 150w, http:\/\/ruhmundelend.de\/Blog\/wp-content\/uploads\/2017\/06\/IMG_0756-300x300.jpg 300w, http:\/\/ruhmundelend.de\/Blog\/wp-content\/uploads\/2017\/06\/IMG_0756-768x768.jpg 768w, http:\/\/ruhmundelend.de\/Blog\/wp-content\/uploads\/2017\/06\/IMG_0756-1024x1024.jpg 1024w, http:\/\/ruhmundelend.de\/Blog\/wp-content\/uploads\/2017\/06\/IMG_0756-100x100.jpg 100w, http:\/\/ruhmundelend.de\/Blog\/wp-content\/uploads\/2017\/06\/IMG_0756.jpg 1280w\" sizes=\"(max-width: 150px) 100vw, 150px\" \/><figcaption id=\"caption-attachment-326\" class=\"wp-caption-text\">Nairy Baghramian, Beliebte Stellen<\/figcaption><\/figure>\n<p><i>Wo seht ihr das gro\u00dfe Fragezeichen beim Publikum?<\/i><\/p>\n<p>Julia: Ganz sicher bei Nairy Baghramian am Erbdrostenhof. Aber ich finde die Arbeit spannend, da sie gerade nicht so leicht zu deuten ist. Ist eben nicht alles so eing\u00e4ngig wie die Kirschen vom Sch\u00fctte.<\/p>\n<p>Klaus: Justin Matherly finde ich auch schwierig.<\/p>\n<p>Julia: Stimmt, der ist noch schwieriger.<\/p>\n<p><i>Ja, komme ich auch nicht mit klar.<\/i><\/p>\n<p>Klaus: Ich hatte jetzt K\u00fcnstlerin bei einer F\u00fchrung. Sie hat mir die Arbeit erkl\u00e4rt. Diese Irritation, dass man einen Berg auf einer Wiese hat, wo es eigentlich keine Berge gibt und der Kontrast zu den 50er Jahre Geb\u00e4ud<\/p>\n<figure id=\"attachment_275\" aria-describedby=\"caption-attachment-275\" style=\"width: 150px\" class=\"wp-caption alignright\"><img loading=\"lazy\" decoding=\"async\" class=\"wp-image-275 size-thumbnail\" src=\"http:\/\/ruhmundelend.de\/Blog\/wp-content\/uploads\/2017\/06\/IMG_0690-e1497605597234-150x150.jpg\" alt=\"  Nietzsche\u2019s Rock\" width=\"150\" height=\"150\" srcset=\"http:\/\/ruhmundelend.de\/Blog\/wp-content\/uploads\/2017\/06\/IMG_0690-e1497605597234-150x150.jpg 150w, http:\/\/ruhmundelend.de\/Blog\/wp-content\/uploads\/2017\/06\/IMG_0690-e1497605597234-300x300.jpg 300w, http:\/\/ruhmundelend.de\/Blog\/wp-content\/uploads\/2017\/06\/IMG_0690-e1497605597234-768x768.jpg 768w, http:\/\/ruhmundelend.de\/Blog\/wp-content\/uploads\/2017\/06\/IMG_0690-e1497605597234-1024x1024.jpg 1024w, http:\/\/ruhmundelend.de\/Blog\/wp-content\/uploads\/2017\/06\/IMG_0690-e1497605597234-100x100.jpg 100w, http:\/\/ruhmundelend.de\/Blog\/wp-content\/uploads\/2017\/06\/IMG_0690-e1497605597234.jpg 1280w\" sizes=\"(max-width: 150px) 100vw, 150px\" \/><figcaption id=\"caption-attachment-275\" class=\"wp-caption-text\">Justin Matherly, Nietzsche\u2019s Rock<\/figcaption><\/figure>\n<p>en.<\/p>\n<p><i>Andreas: Hmmm&#8230;.<\/i><\/p>\n<p>Klaus: Das Projekt an sich, f\u00e4llt mir schwer.<\/p>\n<p><i>Andreas: Das ist eines dieser Sachen, wo ihr sagt, ohne Vermittlung geht es nicht?<\/i><\/p>\n<p><i>Julia: Ja, da steht man wie der Ochs vorm Berge vor.<\/i><\/p>\n<p>Klaus: Da wollen alle drauf klettern und dann h\u00f6rt man, dass man da nicht drauf klettern darf. Ja, das ist ganz schwierig.<\/p>\n<p><i>Muss man sich einlesen, bevor man Kunst guckt? Oder sollte man einfach los gucken?<\/i><\/p>\n<p>Klaus: Erst mal gucken, dann lesen.<\/p>\n<p>Julia: Sich einen Eindruck verschaffen.<\/p>\n<p>Klaus: Also wenn man zuerst in den Katalog schaut&#8230; Da merkt man schon, dass das ein Kunsthistoriker geschrieben hat. Viele G\u00e4ste sagten schon, dass der unverst\u00e4ndlich ist. Ich finde den auch sehr kantig.<\/p>\n<p><i>Andreas: Verschrobelt sind die Texte.<\/i><\/p>\n<p>Klaus: Das ist aber nicht der objektive Interviewer.<\/p>\n<p><i>Andreas: Ne, stimmt.<\/i><\/p>\n<p>Julia: Ich hatte eine Gruppe, die sagten, sie fanden die F\u00fchrung super, weil eben nicht von oben herab<\/p>\n<p>Klaus: Ne, diesen kunsthistorischen Blick. Das wollen die Leute auch gar nicht. Die wollen gar nicht alles erkl\u00e4rt bekommen. Die wollen selber gucken und diskutieren.<\/p>\n<p>Julia: Es gibt auch Blickwinkel bei den G\u00e4sten, die ich interessant finde. Es geht nicht darum, dass ich den Leuten bei den F\u00fchrungen etwas aufzwinge.<\/p>\n<p>Klaus: Gerade f\u00fcr M\u00fcnsteraner finde ich es toll, dass man Orte neu entdeckt. Also ich war eben im Sternbusch bei dem Projekt von Hreinn Fri\u00f0finnsson. Da bin ich noch nie gewesen.<\/p>\n<p>Julia: Den Study Garden hinterm Geologischen Museum kannte ich auch nicht und das ist mitten in der Stadt.<\/p>\n<p>Andreas: Eure \u201eTop 3\u201c alter und neuer Projekte?<\/p>\n<figure id=\"attachment_348\" aria-describedby=\"caption-attachment-348\" style=\"width: 150px\" class=\"wp-caption alignleft\"><img loading=\"lazy\" decoding=\"async\" class=\"wp-image-348 size-thumbnail\" src=\"http:\/\/ruhmundelend.de\/Blog\/wp-content\/uploads\/2017\/06\/IMG_0776-150x150.jpg\" alt=\"\" width=\"150\" height=\"150\" srcset=\"http:\/\/ruhmundelend.de\/Blog\/wp-content\/uploads\/2017\/06\/IMG_0776-150x150.jpg 150w, http:\/\/ruhmundelend.de\/Blog\/wp-content\/uploads\/2017\/06\/IMG_0776-300x300.jpg 300w, http:\/\/ruhmundelend.de\/Blog\/wp-content\/uploads\/2017\/06\/IMG_0776-768x768.jpg 768w, http:\/\/ruhmundelend.de\/Blog\/wp-content\/uploads\/2017\/06\/IMG_0776-1024x1024.jpg 1024w, http:\/\/ruhmundelend.de\/Blog\/wp-content\/uploads\/2017\/06\/IMG_0776-100x100.jpg 100w, http:\/\/ruhmundelend.de\/Blog\/wp-content\/uploads\/2017\/06\/IMG_0776.jpg 1280w\" sizes=\"(max-width: 150px) 100vw, 150px\" \/><figcaption id=\"caption-attachment-348\" class=\"wp-caption-text\">Schlange stehen f\u00fcr die Kunst<\/figcaption><\/figure>\n<p>Klaus: Also meine \u201eTop 3\u201c der Alten: also auf jeden Fall die \u201e100 Arme der Guan-yin\u201c an der Marienkirche, dann das \u201eGegenl\u00e4ufige Konzert\u201c von Rebecca Horn im Zwinger und der \u201eTrunk\u201c von Richard Serra, aber der ist ja nicht mehr da. Bei den Neuen: Im Theaterinnenhof CAMP, dann im Asia Laden Mika Rottenberg gegen\u00fcber dem Gef\u00e4ngnis. Und den Ofen am Kanal von Oscar Tuazon. Das ist ne Ecke zu fahren, bin ich auch noch nie gewesen. Sieht schon v\u00f6llig mitgenommen aus, dieser Ofen. Die Leute sollen das eben auch benutzen.<\/p>\n<p>Julia: F\u00fcr mich auf jeden Fall auch Rebecca Horn im Zwinger. Dann Ilya Kabakov mit seinen Sendemasten (\u201e<i>Blickst du hinauf und liest die Worte\u2026\u201c)<\/i> und &#8230; die Drying Pool Balls, weil die sich von der anf\u00e4nglichen Ablehnung am Anfang zum Wahrzeichen der Stadt gewandelt haben. Bei den Neuen? Auf jeden Fall auch CAMP. Tuazon finde ich auch toll. Und Aram Bartholl. Der steht an drei Stellen und bricht alles runter auf Feuer.<\/p>\n","protected":false},"excerpt":{"rendered":"<p>M\u00fcnster, Montag, 16 Uhr. In einem unglaublich hippen Caf\u00e9 in M\u00fcnster treffe ich auf meinen alten Kumpel Klaus V\u00f6stmann. Fr\u00fcher Slam Poet, heute nur noch Poet. &#8220;Die schreien immer soviel auf Slams&#8221;, sagt Klaus. &#8220;Nicht alle&#8221;, sage ich. &#8220;Aber viele.&#8221; Ich nicke. Er sitzt mit seiner Kollegin Julia zusammen bei Kaffee und Keksen. Beide machen [&hellip;]<\/p>\n","protected":false},"author":1,"featured_media":0,"comment_status":"open","ping_status":"open","sticky":false,"template":"","format":"standard","meta":{"footnotes":""},"categories":[1],"tags":[],"class_list":["post-453","post","type-post","status-publish","format-standard","hentry","category-allgemein"],"_links":{"self":[{"href":"http:\/\/ruhmundelend.de\/Blog\/wp-json\/wp\/v2\/posts\/453"}],"collection":[{"href":"http:\/\/ruhmundelend.de\/Blog\/wp-json\/wp\/v2\/posts"}],"about":[{"href":"http:\/\/ruhmundelend.de\/Blog\/wp-json\/wp\/v2\/types\/post"}],"author":[{"embeddable":true,"href":"http:\/\/ruhmundelend.de\/Blog\/wp-json\/wp\/v2\/users\/1"}],"replies":[{"embeddable":true,"href":"http:\/\/ruhmundelend.de\/Blog\/wp-json\/wp\/v2\/comments?post=453"}],"version-history":[{"count":5,"href":"http:\/\/ruhmundelend.de\/Blog\/wp-json\/wp\/v2\/posts\/453\/revisions"}],"predecessor-version":[{"id":458,"href":"http:\/\/ruhmundelend.de\/Blog\/wp-json\/wp\/v2\/posts\/453\/revisions\/458"}],"wp:attachment":[{"href":"http:\/\/ruhmundelend.de\/Blog\/wp-json\/wp\/v2\/media?parent=453"}],"wp:term":[{"taxonomy":"category","embeddable":true,"href":"http:\/\/ruhmundelend.de\/Blog\/wp-json\/wp\/v2\/categories?post=453"},{"taxonomy":"post_tag","embeddable":true,"href":"http:\/\/ruhmundelend.de\/Blog\/wp-json\/wp\/v2\/tags?post=453"}],"curies":[{"name":"wp","href":"https:\/\/api.w.org\/{rel}","templated":true}]}}