{"id":315,"date":"2017-06-23T15:28:54","date_gmt":"2017-06-23T13:28:54","guid":{"rendered":"http:\/\/ruhmundelend.de\/Blog\/?p=315"},"modified":"2017-08-14T15:41:02","modified_gmt":"2017-08-14T13:41:02","slug":"tag-10-ueber-scream-friedhoefe-und-den-echten-grusel","status":"publish","type":"post","link":"http:\/\/ruhmundelend.de\/Blog\/2017\/06\/23\/tag-10-ueber-scream-friedhoefe-und-den-echten-grusel\/","title":{"rendered":"Skulptur Projekte: \u00dcber Scream, Friedh\u00f6fe und den echten Grusel"},"content":{"rendered":"<figure id=\"attachment_307\" aria-describedby=\"caption-attachment-307\" style=\"width: 300px\" class=\"wp-caption alignleft\"><img loading=\"lazy\" decoding=\"async\" class=\"wp-image-307 size-medium\" src=\"http:\/\/ruhmundelend.de\/Blog\/wp-content\/uploads\/2017\/06\/IMG_0734-e1498224443178-300x300.jpg\" alt=\"\" width=\"300\" height=\"300\" \/><figcaption id=\"caption-attachment-307\" class=\"wp-caption-text\">Gruselstimmung hinterm Schloss. Zitate aus der Popkultur.<\/figcaption><\/figure>\n<p>Die Masken von Herv\u00e9 Youmbi h\u00e4ngen in den B\u00e4umen auf einem alten Friedhof hinterm Schloss. Auf den ersten Blick erinnern sie, die Masken, an den Film Scream. In dem Klassiker \u201eScream\u201c tr\u00e4gt der Serienkiller auch eine Maske. Der Film war ein gro\u00dfer kommerzieller Erfolg, da man sich sehr gruselte, wenn man den Film sah. Ich konnte damals nicht gut schlafen, nachdem ich den Film gesehen hatte. Nach dem Erfolg gab es noch einen zweiten, dritten und vierten Teil von Scream. Sie waren auch noch erfolgreich, aber mit der Wiederholung sank auch der Grusel.<!--more--><\/p>\n<p>Jedenfalls erinnern mich die Masken an Wes Cravens Scream und an Edward Munchs \u201eDer Schrei\u201c. Das schreiende Gesicht Edward Munchs war \u00fcbrigens Vorbild f\u00fcr die Scream Maske.<\/p>\n<p>Auf der Seite der Skulptur Projekte lese ich, dass ich dieses Mal ins Volle getroffen habe. Auch auf den zweiten Blick sollen die Masken an Scream erinnern. Herv\u00e9 Youmbi dachte auch an den Film und Edward Munch. Die Masken sind ein Zitat.<\/p>\n<p>\u201eIch kann mir vorstellen, dass man sich ganz sch\u00f6n gruselt, wenn man nachts durch den Wald f\u00e4hrt und pl\u00f6tzlich diese Masken sieht\u201c, sage ich zu der Frau, die an einem Grabstein hockt und auf ihrem Handy rumdaddelt. Die Frau guckt kurz hoch und sagt, dass ich mich ja schon grusele, wenn ich mir nachts ein Glas warme Milch aus der K\u00fcche hole. Ich glaube, die Frau hat kein sehr m\u00e4nnliches Bild von mir. Da muss ich was \u00e4ndern, denke ich, schie\u00dfe noch ein Erinnerungsfoto und radele nachdenklich nach Hause.<\/p>\n","protected":false},"excerpt":{"rendered":"<p>Die Masken von Herv\u00e9 Youmbi h\u00e4ngen in den B\u00e4umen auf einem alten Friedhof hinterm Schloss. Auf den ersten Blick erinnern sie, die Masken, an den Film Scream. In dem Klassiker \u201eScream\u201c tr\u00e4gt der Serienkiller auch eine Maske. Der Film war ein gro\u00dfer kommerzieller Erfolg, da man sich sehr gruselte, wenn man den Film sah. Ich [&hellip;]<\/p>\n","protected":false},"author":1,"featured_media":0,"comment_status":"open","ping_status":"open","sticky":false,"template":"","format":"standard","meta":{"footnotes":""},"categories":[11,10],"tags":[],"class_list":["post-315","post","type-post","status-publish","format-standard","hentry","category-kunst","category-skulptur-projekte-2017"],"_links":{"self":[{"href":"http:\/\/ruhmundelend.de\/Blog\/wp-json\/wp\/v2\/posts\/315"}],"collection":[{"href":"http:\/\/ruhmundelend.de\/Blog\/wp-json\/wp\/v2\/posts"}],"about":[{"href":"http:\/\/ruhmundelend.de\/Blog\/wp-json\/wp\/v2\/types\/post"}],"author":[{"embeddable":true,"href":"http:\/\/ruhmundelend.de\/Blog\/wp-json\/wp\/v2\/users\/1"}],"replies":[{"embeddable":true,"href":"http:\/\/ruhmundelend.de\/Blog\/wp-json\/wp\/v2\/comments?post=315"}],"version-history":[{"count":4,"href":"http:\/\/ruhmundelend.de\/Blog\/wp-json\/wp\/v2\/posts\/315\/revisions"}],"predecessor-version":[{"id":445,"href":"http:\/\/ruhmundelend.de\/Blog\/wp-json\/wp\/v2\/posts\/315\/revisions\/445"}],"wp:attachment":[{"href":"http:\/\/ruhmundelend.de\/Blog\/wp-json\/wp\/v2\/media?parent=315"}],"wp:term":[{"taxonomy":"category","embeddable":true,"href":"http:\/\/ruhmundelend.de\/Blog\/wp-json\/wp\/v2\/categories?post=315"},{"taxonomy":"post_tag","embeddable":true,"href":"http:\/\/ruhmundelend.de\/Blog\/wp-json\/wp\/v2\/tags?post=315"}],"curies":[{"name":"wp","href":"https:\/\/api.w.org\/{rel}","templated":true}]}}