{"id":292,"date":"2017-06-20T14:27:56","date_gmt":"2017-06-20T12:27:56","guid":{"rendered":"http:\/\/ruhmundelend.de\/Blog\/?p=292"},"modified":"2017-08-14T15:39:00","modified_gmt":"2017-08-14T13:39:00","slug":"tag-9-skulptur-projekte-ueber-den-minnesang-mailied-sommerlied-und-winterlied","status":"publish","type":"post","link":"http:\/\/ruhmundelend.de\/Blog\/2017\/06\/20\/tag-9-skulptur-projekte-ueber-den-minnesang-mailied-sommerlied-und-winterlied\/","title":{"rendered":"Skulptur Projekte. \u00dcber den Minnesang. Mailied, Sommerlied und Winterlied."},"content":{"rendered":"<p>Die Skulptur Projekte schafft Arbeitspl\u00e4tze. Zum Beispiel das Amt der Aufsicht. M\u00fcnster, 16 Uhr, 29 Grad im Schatten. Eine schwitzden\u00a0Aufsicht sitzt in seinem Picknickstuhl, den er sich f\u00fcr das letzte Rock am Ring Festival gekauft hat, vor der Installation und liest. N\u00e4chste Woche muss er ein Referat \u00fcber die Naturlieder des mittelalterlichen Minnesangs halten, die ihn \u00e4hnlich ber\u00fchren wie die Installation, vor der er hundert Tage f\u00fcnfmal die Woche vier Stunden sitzen muss.<!--more--><\/p>\n<p>Er darf aufpassen, dass niemand Plakate anklebt, an die Installation pinkelt, Graffiti spr\u00fcht, drauf klettert, etwas abbricht. Au\u00dferdem darf er erz\u00e4hlen, dass es kostenlose F\u00fchrungen gibt. Sonst soll er besser den Mund halten. Das Reden soll er mal sch\u00f6n anderen \u00fcberlassen. Das Minnesang Referat w\u00fcrde er auch gerne anderen \u00fcberlassen. Wenn es zur Randale kommt, soll er die Polizei anrufen und nat\u00fcrlich das Orga Team. Randale und Radau gibt es immer wieder, haben sie gesagt. Beim Minnesang dagegen geht es mehr um die Liebe, oft um die Unerf\u00fcllte und sp\u00e4ter auch um Erotik. Aber Randale und Radau weniger.<\/p>\n<figure id=\"attachment_306\" aria-describedby=\"caption-attachment-306\" style=\"width: 300px\" class=\"wp-caption alignleft\"><img loading=\"lazy\" decoding=\"async\" class=\"wp-image-306 size-medium\" src=\"http:\/\/ruhmundelend.de\/Blog\/wp-content\/uploads\/2017\/06\/IMG_0731-e1498221354707-300x300.jpg\" alt=\"\" width=\"300\" height=\"300\" srcset=\"http:\/\/ruhmundelend.de\/Blog\/wp-content\/uploads\/2017\/06\/IMG_0731-e1498221354707-300x300.jpg 300w, http:\/\/ruhmundelend.de\/Blog\/wp-content\/uploads\/2017\/06\/IMG_0731-e1498221354707-150x150.jpg 150w, http:\/\/ruhmundelend.de\/Blog\/wp-content\/uploads\/2017\/06\/IMG_0731-e1498221354707-768x768.jpg 768w, http:\/\/ruhmundelend.de\/Blog\/wp-content\/uploads\/2017\/06\/IMG_0731-e1498221354707-1024x1024.jpg 1024w, http:\/\/ruhmundelend.de\/Blog\/wp-content\/uploads\/2017\/06\/IMG_0731-e1498221354707-100x100.jpg 100w, http:\/\/ruhmundelend.de\/Blog\/wp-content\/uploads\/2017\/06\/IMG_0731-e1498221354707.jpg 1280w\" sizes=\"(max-width: 300px) 100vw, 300px\" \/><figcaption id=\"caption-attachment-306\" class=\"wp-caption-text\">Ein bi\u00dfchen Afrika, ein bi\u00dfchen Scream, ein bi\u00dfchen Kunst. Die Masken von Herv\u00e9 Youmbi.<\/figcaption><\/figure>\n<p>Am Haus Kump haben sie am Wochenende eine LED Matte aus der Licht und Klanginstallation von <a href=\"https:\/\/www.skulptur-projekte.de\/#\/De\/Projects\/2017\/815\/ARAKAWA\" target=\"_blank\" rel=\"noopener\">Ei Arakawa<\/a> herausgeschnitten. Jetzt funktioniert die ganze Arbeit nicht mehr richtig. Ich kann mit der Installation nichts anfangen, trotzdem muss man die ja nicht gleich zerst\u00f6ren. \u201eWer macht den sowas?\u201c, fragt sich nicht nur die Aufsicht, die heute bei Dienstbeginn von der Schandtat geh\u00f6rt hat. Die Randale stand aber auch in der Zeitung. Die Frau ist \u00fcbrigens sehr traurig, da sie die Arbeit oder den Gedanken der Arbeit ganz gut findet. \u201eGanz gut find\u00a0ich sie eben nicht\u201c, sage ich ihr, da ich ihre Trauer nicht teilen kann. \u201eGanz gut finde ich die Masken in dem Waldst\u00fcck hinterm Schloss.&#8221; (<a href=\"https:\/\/www.skulptur-projekte.de\/#\/De\/Projects\/2017\/849\/Youmbi\" target=\"_blank\" rel=\"noopener\">Herv\u00e9 Youmbi, Les masques c\u00e9l\u00e8stes &#8211; Himmlische Masken<\/a>). Ich will\u00a0nicht, dass sie denkt, dass ich alles schei\u00dfe finde. Menschen, die alles schei\u00dfe finden, wirken nicht besonders symtphatisch. Ich finde auch gar nicht alles schei\u00dfe. \u00a0Die Masken finde ich zum Beispiel gut. \u201eIhh, bah\u201c, sagte die Frau, was ich nicht besonders Erkl\u00e4rend als Urteil finde. \u201eIhh, bah\u201c ist nichts, mit dem man arbeiten kann. &#8220;Gut&#8221; ist allerdings auch nicht viel besser.<\/p>\n<p>Im Picknickstuhl h\u00f6re ich es wieder fl\u00fcstern. \u201eMinnesang. Minnesang. Naturlieder finden sich selten als reine Jahreszeitenlieder. Meist dienen sie als Er\u00f6ffnung eines Minneliedes. Je nach beabsichtigter Stimmung unterscheidet man Mailied, Sommerlied und Winterlied\u201c, h\u00f6re ich es aus dem Stuhl fl\u00fcstern. Minnesang habe ich eigentlich gar keine Meinung zu, denke ich und gehe weiter.<\/p>\n","protected":false},"excerpt":{"rendered":"<p>Die Skulptur Projekte schafft Arbeitspl\u00e4tze. Zum Beispiel das Amt der Aufsicht. M\u00fcnster, 16 Uhr, 29 Grad im Schatten. Eine schwitzden\u00a0Aufsicht sitzt in seinem Picknickstuhl, den er sich f\u00fcr das letzte Rock am Ring Festival gekauft hat, vor der Installation und liest. N\u00e4chste Woche muss er ein Referat \u00fcber die Naturlieder des mittelalterlichen Minnesangs halten, die [&hellip;]<\/p>\n","protected":false},"author":1,"featured_media":0,"comment_status":"open","ping_status":"open","sticky":false,"template":"","format":"standard","meta":{"footnotes":""},"categories":[1],"tags":[],"class_list":["post-292","post","type-post","status-publish","format-standard","hentry","category-allgemein"],"_links":{"self":[{"href":"http:\/\/ruhmundelend.de\/Blog\/wp-json\/wp\/v2\/posts\/292"}],"collection":[{"href":"http:\/\/ruhmundelend.de\/Blog\/wp-json\/wp\/v2\/posts"}],"about":[{"href":"http:\/\/ruhmundelend.de\/Blog\/wp-json\/wp\/v2\/types\/post"}],"author":[{"embeddable":true,"href":"http:\/\/ruhmundelend.de\/Blog\/wp-json\/wp\/v2\/users\/1"}],"replies":[{"embeddable":true,"href":"http:\/\/ruhmundelend.de\/Blog\/wp-json\/wp\/v2\/comments?post=292"}],"version-history":[{"count":8,"href":"http:\/\/ruhmundelend.de\/Blog\/wp-json\/wp\/v2\/posts\/292\/revisions"}],"predecessor-version":[{"id":443,"href":"http:\/\/ruhmundelend.de\/Blog\/wp-json\/wp\/v2\/posts\/292\/revisions\/443"}],"wp:attachment":[{"href":"http:\/\/ruhmundelend.de\/Blog\/wp-json\/wp\/v2\/media?parent=292"}],"wp:term":[{"taxonomy":"category","embeddable":true,"href":"http:\/\/ruhmundelend.de\/Blog\/wp-json\/wp\/v2\/categories?post=292"},{"taxonomy":"post_tag","embeddable":true,"href":"http:\/\/ruhmundelend.de\/Blog\/wp-json\/wp\/v2\/tags?post=292"}],"curies":[{"name":"wp","href":"https:\/\/api.w.org\/{rel}","templated":true}]}}