{"id":284,"date":"2017-06-18T22:18:36","date_gmt":"2017-06-18T20:18:36","guid":{"rendered":"http:\/\/ruhmundelend.de\/Blog\/?p=284"},"modified":"2017-06-28T13:26:33","modified_gmt":"2017-06-28T11:26:33","slug":"tag-8-skulptur-projekte-ueber-kirchengelaeut-kunst-und-kuchen","status":"publish","type":"post","link":"http:\/\/ruhmundelend.de\/Blog\/2017\/06\/18\/tag-8-skulptur-projekte-ueber-kirchengelaeut-kunst-und-kuchen\/","title":{"rendered":"Tag 10- Skulptur Projekte. \u00dcber Kirchengel\u00e4ut, Kunst und Kuchen"},"content":{"rendered":"<figure id=\"attachment_298\" aria-describedby=\"caption-attachment-298\" style=\"width: 225px\" class=\"wp-caption alignleft\"><img loading=\"lazy\" decoding=\"async\" class=\"wp-image-298 size-medium\" src=\"http:\/\/ruhmundelend.de\/Blog\/wp-content\/uploads\/2017\/06\/IMG_1960-1-768x1024-225x300.jpg\" alt=\"\" width=\"225\" height=\"300\" srcset=\"http:\/\/ruhmundelend.de\/Blog\/wp-content\/uploads\/2017\/06\/IMG_1960-1-768x1024-225x300.jpg 225w, http:\/\/ruhmundelend.de\/Blog\/wp-content\/uploads\/2017\/06\/IMG_1960-1-768x1024.jpg 768w\" sizes=\"(max-width: 225px) 100vw, 225px\" \/><figcaption id=\"caption-attachment-298\" class=\"wp-caption-text\">F\u00fcr das geschulte Ohr. Evans hat das Gel\u00e4ut der Kirchenglocke mit einer Klimaanlage ver\u00e4ndert.<\/figcaption><\/figure>\n<p>Die Frau, das Kind und ich machen einen Sonntagsausflug. Ich habe den Anh\u00e4nger an mein Fahrrad geschnallt und wir wollen die Installtion von Cerith Wyn Evans sehen. Ein ganze Weile suchen wir die Arbeit, laut Plan versteckt sie sich auf einem Kirchplatz, doch wir finden weder Kirchplatz noch Kunst. Dann hat die Frau Gl\u00fcck und findet die besagte Adresse und zwei M\u00e4dchen, in Skultur Projekte Shirts, die Aufsicht f\u00fchren und Verantwortung f\u00fcr die Kunst haben. \u201eNe, das ist eine Klangarbeit, die sieht man nicht\u201c, erkl\u00e4rt das eine M\u00e4dchen der Frau und die andere guckt hinter unserer Kind her, was gerade die Blumen aus einem Beet herausrei\u00dft \u2013 sie hasst Blumen &#8211; und sagt, dass unsere Tochter aber ein s\u00fc\u00dfer Bursche ist. Ich gucke in meine Kunst App und lese, dass Cerith Wyn Evans anhand einer Klimaanlage das Gel\u00e4ut der Glocken ver\u00e4ndert hat. Au\u00dferdem sollen auf dem Platz zwei Neonr\u00f6hren stehen, die den Gegenpart zur Klangkunst bilden. Um 16 Uhr und um 19 Uhr kann man das Spektakel erleben. Ich gucke auf die Uhr. \u201eEs ist sechs\u201c, sage ich zur Frau und den beiden Aufsichtsm\u00e4dchen. \u201eJa, doof. Und die Neonr\u00f6hren wollte der K\u00fcnstler dann auch nicht\u201c, sagen die M\u00e4dchen und fragen, fast entschuldigend ob sie uns ein St\u00fcckchen Kuchen anbieten k\u00f6nnen. Sie haben extra Kuchen gebacken, erkl\u00e4ren sie. Wenn es hier schon nichts an Kunst gibt, soll man wenigstens etwas in den Magen kriegen. Wir kaufen drei St\u00fccke \u2013 sicherlich auch ein wenig aus Mitleid &#8211; und fahren nach Hause. \u201eDas war aber eher entt\u00e4uschend. Ich glaube, den M\u00e4dchen war das sogar peinlich\u201c, sagt sp\u00e4ter die Frau. Ich nicke. &#8220;Muss es nicht&#8221;, sage ich. Mir f\u00e4llt auch nichts kluges darauf ein.<\/p>\n","protected":false},"excerpt":{"rendered":"<p>Die Frau, das Kind und ich machen einen Sonntagsausflug. Ich habe den Anh\u00e4nger an mein Fahrrad geschnallt und wir wollen die Installtion von Cerith Wyn Evans sehen. Ein ganze Weile suchen wir die Arbeit, laut Plan versteckt sie sich auf einem Kirchplatz, doch wir finden weder Kirchplatz noch Kunst. Dann hat die Frau Gl\u00fcck und [&hellip;]<\/p>\n","protected":false},"author":1,"featured_media":0,"comment_status":"open","ping_status":"open","sticky":false,"template":"","format":"standard","meta":{"footnotes":""},"categories":[1,11,4,10],"tags":[],"class_list":["post-284","post","type-post","status-publish","format-standard","hentry","category-allgemein","category-kunst","category-muenster","category-skulptur-projekte-2017"],"_links":{"self":[{"href":"http:\/\/ruhmundelend.de\/Blog\/wp-json\/wp\/v2\/posts\/284"}],"collection":[{"href":"http:\/\/ruhmundelend.de\/Blog\/wp-json\/wp\/v2\/posts"}],"about":[{"href":"http:\/\/ruhmundelend.de\/Blog\/wp-json\/wp\/v2\/types\/post"}],"author":[{"embeddable":true,"href":"http:\/\/ruhmundelend.de\/Blog\/wp-json\/wp\/v2\/users\/1"}],"replies":[{"embeddable":true,"href":"http:\/\/ruhmundelend.de\/Blog\/wp-json\/wp\/v2\/comments?post=284"}],"version-history":[{"count":8,"href":"http:\/\/ruhmundelend.de\/Blog\/wp-json\/wp\/v2\/posts\/284\/revisions"}],"predecessor-version":[{"id":368,"href":"http:\/\/ruhmundelend.de\/Blog\/wp-json\/wp\/v2\/posts\/284\/revisions\/368"}],"wp:attachment":[{"href":"http:\/\/ruhmundelend.de\/Blog\/wp-json\/wp\/v2\/media?parent=284"}],"wp:term":[{"taxonomy":"category","embeddable":true,"href":"http:\/\/ruhmundelend.de\/Blog\/wp-json\/wp\/v2\/categories?post=284"},{"taxonomy":"post_tag","embeddable":true,"href":"http:\/\/ruhmundelend.de\/Blog\/wp-json\/wp\/v2\/tags?post=284"}],"curies":[{"name":"wp","href":"https:\/\/api.w.org\/{rel}","templated":true}]}}