{"id":232,"date":"2017-06-12T13:18:44","date_gmt":"2017-06-12T11:18:44","guid":{"rendered":"http:\/\/ruhmundelend.de\/Blog\/?p=232"},"modified":"2017-06-12T13:37:18","modified_gmt":"2017-06-12T11:37:18","slug":"tag-2-skulptur-projekte-ueber-wartezeiten-und-lokalpatriotismus","status":"publish","type":"post","link":"http:\/\/ruhmundelend.de\/Blog\/2017\/06\/12\/tag-2-skulptur-projekte-ueber-wartezeiten-und-lokalpatriotismus\/","title":{"rendered":"Tag 2 &#8211; Skulptur Projekte. \u00dcber Wartezeiten und Lokalpatriotismus"},"content":{"rendered":"<figure id=\"attachment_242\" aria-describedby=\"caption-attachment-242\" style=\"width: 300px\" class=\"wp-caption alignleft\"><img loading=\"lazy\" decoding=\"async\" class=\"wp-image-242 size-medium\" src=\"http:\/\/ruhmundelend.de\/Blog\/wp-content\/uploads\/2017\/06\/IMG_0655-e1497267251566-300x300.jpg\" alt=\"\" width=\"300\" height=\"300\" srcset=\"http:\/\/ruhmundelend.de\/Blog\/wp-content\/uploads\/2017\/06\/IMG_0655-e1497267251566-300x300.jpg 300w, http:\/\/ruhmundelend.de\/Blog\/wp-content\/uploads\/2017\/06\/IMG_0655-e1497267251566-150x150.jpg 150w, http:\/\/ruhmundelend.de\/Blog\/wp-content\/uploads\/2017\/06\/IMG_0655-e1497267251566-768x768.jpg 768w, http:\/\/ruhmundelend.de\/Blog\/wp-content\/uploads\/2017\/06\/IMG_0655-e1497267251566-1024x1024.jpg 1024w, http:\/\/ruhmundelend.de\/Blog\/wp-content\/uploads\/2017\/06\/IMG_0655-e1497267251566-100x100.jpg 100w, http:\/\/ruhmundelend.de\/Blog\/wp-content\/uploads\/2017\/06\/IMG_0655-e1497267251566.jpg 1280w\" sizes=\"(max-width: 300px) 100vw, 300px\" \/><figcaption id=\"caption-attachment-242\" class=\"wp-caption-text\">Wir sind Kunst. Er\u00f6ffnung der Skulpturprojekte. Installation von Cosima von Bonin und Tom Burr<\/figcaption><\/figure>\n<p>Wir warten. Wir warten vor der ehemaligen Eissporthalle M\u00fcnster. In naher Zukunft soll die Halle abgerissen werden und Wohnungen entstehen. Jetzt hat erst mal <a href=\"https:\/\/de.wikipedia.org\/wiki\/Pierre_Huyghe\" target=\"_blank\" rel=\"noopener\">Pierre Huyghe<\/a> die leere Eissporthalle f\u00fcr sich entdeckt. Die Schlange am Eingang ist circa f\u00fcnfzig Meter lang. Egal, wir warten.<\/p>\n<p>Es d\u00fcrfen immer nur kleine Gruppe in die Halle. Das ist verst\u00e4ndlich. Wenn alle gleichzeitig reind\u00fcrften, w\u00fcrde man gar nichts mitbekommen, sehen. Ich war ,mal in der Sixtinischen Kapelle, da wird t\u00e4glich einfach nur durchgeschoben. Da kann man sich besser ein Bild im Internet anschauen.<\/p>\n<p>Also warten. In der Warteschlange h\u00f6re ich Franzosen, Japaner, Engl\u00e4nder, Chinesen, Litauer und Schwaben. M\u00fcnster ist auf einmal sehr international. Wir sind international. Wir sind M\u00fcnster. Wir sind Kunst. Einen kurzen Moment bin ich sehr stolz auf meine Stadt. Darf man stolz auf seine Stadt sein? Ab wann darf man nicht mehr stolz sein? Ich bin nicht stolz auf mein Land. Ich bin nicht stolz auf mein Bundesland. Ich bin froh, im M\u00fcnsterland zu leben, aber stolz? Ich schweife ab. Wir warten.<\/p>\n<p>Nach einer Viertelstunde geben wir auf und beschlie\u00dfen ein anderes Mal wiederzukommen, wenn man nicht so lange warten muss. Man munkelt, dass die Wartezeit l\u00e4nger als eine Stunde betr\u00e4gt. Das ist uns heute f\u00fcr die Kunst zu lang.<\/p>\n","protected":false},"excerpt":{"rendered":"<p>Wir warten. Wir warten vor der ehemaligen Eissporthalle M\u00fcnster. In naher Zukunft soll die Halle abgerissen werden und Wohnungen entstehen. Jetzt hat erst mal Pierre Huyghe die leere Eissporthalle f\u00fcr sich entdeckt. Die Schlange am Eingang ist circa f\u00fcnfzig Meter lang. Egal, wir warten. Es d\u00fcrfen immer nur kleine Gruppe in die Halle. Das ist [&hellip;]<\/p>\n","protected":false},"author":1,"featured_media":0,"comment_status":"open","ping_status":"open","sticky":false,"template":"","format":"standard","meta":{"footnotes":""},"categories":[11,4,10],"tags":[],"class_list":["post-232","post","type-post","status-publish","format-standard","hentry","category-kunst","category-muenster","category-skulptur-projekte-2017"],"_links":{"self":[{"href":"http:\/\/ruhmundelend.de\/Blog\/wp-json\/wp\/v2\/posts\/232"}],"collection":[{"href":"http:\/\/ruhmundelend.de\/Blog\/wp-json\/wp\/v2\/posts"}],"about":[{"href":"http:\/\/ruhmundelend.de\/Blog\/wp-json\/wp\/v2\/types\/post"}],"author":[{"embeddable":true,"href":"http:\/\/ruhmundelend.de\/Blog\/wp-json\/wp\/v2\/users\/1"}],"replies":[{"embeddable":true,"href":"http:\/\/ruhmundelend.de\/Blog\/wp-json\/wp\/v2\/comments?post=232"}],"version-history":[{"count":5,"href":"http:\/\/ruhmundelend.de\/Blog\/wp-json\/wp\/v2\/posts\/232\/revisions"}],"predecessor-version":[{"id":260,"href":"http:\/\/ruhmundelend.de\/Blog\/wp-json\/wp\/v2\/posts\/232\/revisions\/260"}],"wp:attachment":[{"href":"http:\/\/ruhmundelend.de\/Blog\/wp-json\/wp\/v2\/media?parent=232"}],"wp:term":[{"taxonomy":"category","embeddable":true,"href":"http:\/\/ruhmundelend.de\/Blog\/wp-json\/wp\/v2\/categories?post=232"},{"taxonomy":"post_tag","embeddable":true,"href":"http:\/\/ruhmundelend.de\/Blog\/wp-json\/wp\/v2\/tags?post=232"}],"curies":[{"name":"wp","href":"https:\/\/api.w.org\/{rel}","templated":true}]}}