{"id":229,"date":"2017-06-12T13:18:32","date_gmt":"2017-06-12T11:18:32","guid":{"rendered":"http:\/\/ruhmundelend.de\/Blog\/?p=229"},"modified":"2017-06-12T13:31:50","modified_gmt":"2017-06-12T11:31:50","slug":"tag-1-skulptur-projekte-ueber-kleine-buergermeister-und-schoenwetterkunst","status":"publish","type":"post","link":"http:\/\/ruhmundelend.de\/Blog\/2017\/06\/12\/tag-1-skulptur-projekte-ueber-kleine-buergermeister-und-schoenwetterkunst\/","title":{"rendered":"Tag 1 &#8211; Skulptur Projekte. \u00dcber kleine B\u00fcrgermeister und Sch\u00f6nwetterkunst"},"content":{"rendered":"<figure id=\"attachment_243\" aria-describedby=\"caption-attachment-243\" style=\"width: 300px\" class=\"wp-caption alignleft\"><img loading=\"lazy\" decoding=\"async\" class=\"wp-image-243 size-medium\" src=\"http:\/\/ruhmundelend.de\/Blog\/wp-content\/uploads\/2017\/06\/IMG_0656-e1497266984567-300x300.jpg\" alt=\"\" width=\"300\" height=\"300\" srcset=\"http:\/\/ruhmundelend.de\/Blog\/wp-content\/uploads\/2017\/06\/IMG_0656-e1497266984567-300x300.jpg 300w, http:\/\/ruhmundelend.de\/Blog\/wp-content\/uploads\/2017\/06\/IMG_0656-e1497266984567-150x150.jpg 150w, http:\/\/ruhmundelend.de\/Blog\/wp-content\/uploads\/2017\/06\/IMG_0656-e1497266984567-768x768.jpg 768w, http:\/\/ruhmundelend.de\/Blog\/wp-content\/uploads\/2017\/06\/IMG_0656-e1497266984567-1024x1024.jpg 1024w, http:\/\/ruhmundelend.de\/Blog\/wp-content\/uploads\/2017\/06\/IMG_0656-e1497266984567-100x100.jpg 100w, http:\/\/ruhmundelend.de\/Blog\/wp-content\/uploads\/2017\/06\/IMG_0656-e1497266984567.jpg 1280w\" sizes=\"(max-width: 300px) 100vw, 300px\" \/><figcaption id=\"caption-attachment-243\" class=\"wp-caption-text\">Ay\u015fe Erkmen &#8220;On Water&#8221; &#8211; Kunst als Event?<\/figcaption><\/figure>\n<p>Er\u00f6ffnung der Skulptur Projekte im Landesmuseum. Es sprechen verschiedenen Pers\u00f6nlichkeiten, die sich f\u00fcr die Ausstellung verdient gemacht haben. Ein B\u00fcrgermeister, eine Kulturstaatssekret\u00e4rin, ein Museumsdirektor feiern ihre Verdienste und die Verdienste der Anderen. Der B\u00fcrgermeister M\u00fcnsters ist sehr klein und wirkt immer ein wenig lustig. Das macht ihn b\u00fcrgernah, sagt die Frau. Nun ja.<\/p>\n<p>Als der Vorsitzende der Sparkasse M\u00fcnster die B\u00fchne betritt, verlassen viele die Er\u00f6ffnung. Ich denke, weil er aussieht wie ein Vorsitzender einer Sparkasse. Wir verlassen auch lieber die Er\u00f6ffnung.<\/p>\n<p>Wir fahren an den Hafen, um die Installation von Ay\u015fe Erkmen zu sehen. Sie hat einen Steg \u00fcber den Kanalhafen gebaut. Das Gitter des Steges ist knietief unter der Wasseroberfl\u00e4che, so dass man sich die Hosen bis zu den Knien hochkrempeln muss, um trocken r\u00fcber zu kommen.<\/p>\n<p>Es ist ein sehr sonniger, hei\u00dfer Tag, so haben viele Spa\u00df durchs Wasser zu laufen. Wie Jesus, sagt einer. Das ist so eine Anspielung auf Jesus, wie er \u00fcbers Wasser lief, glaubt er zu wissen. Der Schlaukopf. Viele k\u00f6nnen leider nicht den Steg \u00fcberqueren, da sie zu dicke Beine haben und die engen Hosen nicht hochziehen k\u00f6nnen.<\/p>\n<p>Jesus hin und her. Ich denke, dass Ay\u015fe Erkmen Installation Sch\u00f6nwetterkunst ist und sicher ganz gut in den hundert Tagen ankommen wird, da man \u00fcbers Wasser laufen kann, so ein bisschen Event hat.<\/p>\n","protected":false},"excerpt":{"rendered":"<p>Er\u00f6ffnung der Skulptur Projekte im Landesmuseum. Es sprechen verschiedenen Pers\u00f6nlichkeiten, die sich f\u00fcr die Ausstellung verdient gemacht haben. Ein B\u00fcrgermeister, eine Kulturstaatssekret\u00e4rin, ein Museumsdirektor feiern ihre Verdienste und die Verdienste der Anderen. Der B\u00fcrgermeister M\u00fcnsters ist sehr klein und wirkt immer ein wenig lustig. Das macht ihn b\u00fcrgernah, sagt die Frau. Nun ja. Als der [&hellip;]<\/p>\n","protected":false},"author":1,"featured_media":0,"comment_status":"open","ping_status":"open","sticky":false,"template":"","format":"standard","meta":{"footnotes":""},"categories":[11,4,10],"tags":[],"class_list":["post-229","post","type-post","status-publish","format-standard","hentry","category-kunst","category-muenster","category-skulptur-projekte-2017"],"_links":{"self":[{"href":"http:\/\/ruhmundelend.de\/Blog\/wp-json\/wp\/v2\/posts\/229"}],"collection":[{"href":"http:\/\/ruhmundelend.de\/Blog\/wp-json\/wp\/v2\/posts"}],"about":[{"href":"http:\/\/ruhmundelend.de\/Blog\/wp-json\/wp\/v2\/types\/post"}],"author":[{"embeddable":true,"href":"http:\/\/ruhmundelend.de\/Blog\/wp-json\/wp\/v2\/users\/1"}],"replies":[{"embeddable":true,"href":"http:\/\/ruhmundelend.de\/Blog\/wp-json\/wp\/v2\/comments?post=229"}],"version-history":[{"count":4,"href":"http:\/\/ruhmundelend.de\/Blog\/wp-json\/wp\/v2\/posts\/229\/revisions"}],"predecessor-version":[{"id":257,"href":"http:\/\/ruhmundelend.de\/Blog\/wp-json\/wp\/v2\/posts\/229\/revisions\/257"}],"wp:attachment":[{"href":"http:\/\/ruhmundelend.de\/Blog\/wp-json\/wp\/v2\/media?parent=229"}],"wp:term":[{"taxonomy":"category","embeddable":true,"href":"http:\/\/ruhmundelend.de\/Blog\/wp-json\/wp\/v2\/categories?post=229"},{"taxonomy":"post_tag","embeddable":true,"href":"http:\/\/ruhmundelend.de\/Blog\/wp-json\/wp\/v2\/tags?post=229"}],"curies":[{"name":"wp","href":"https:\/\/api.w.org\/{rel}","templated":true}]}}