{"id":183,"date":"2017-02-11T03:11:30","date_gmt":"2017-02-11T02:11:30","guid":{"rendered":"http:\/\/ruhmundelend.de\/Blog\/?p=183"},"modified":"2017-02-11T17:38:03","modified_gmt":"2017-02-11T16:38:03","slug":"petry-paula-mausezaehnchen-oder-wann-wird-mal-wieder-richtig-sommer","status":"publish","type":"post","link":"http:\/\/ruhmundelend.de\/Blog\/2017\/02\/11\/petry-paula-mausezaehnchen-oder-wann-wird-mal-wieder-richtig-sommer\/","title":{"rendered":"Petry, Paula, Mausez\u00e4hnchen"},"content":{"rendered":"<p><img loading=\"lazy\" decoding=\"async\" class=\"size-medium wp-image-78 alignleft\" src=\"http:\/\/ruhmundelend.de\/Blog\/wp-content\/uploads\/2017\/01\/IMG_0228-Kopie-300x300.jpg\" alt=\"\" width=\"300\" height=\"300\" srcset=\"http:\/\/ruhmundelend.de\/Blog\/wp-content\/uploads\/2017\/01\/IMG_0228-Kopie-300x300.jpg 300w, http:\/\/ruhmundelend.de\/Blog\/wp-content\/uploads\/2017\/01\/IMG_0228-Kopie-150x150.jpg 150w, http:\/\/ruhmundelend.de\/Blog\/wp-content\/uploads\/2017\/01\/IMG_0228-Kopie-100x100.jpg 100w, http:\/\/ruhmundelend.de\/Blog\/wp-content\/uploads\/2017\/01\/IMG_0228-Kopie.jpg 640w\" sizes=\"(max-width: 300px) 100vw, 300px\" \/>Freitag, 12 Uhr. M\u00fcnster. Frauke Petry trumpelt heute Abend durchs Rathaus. Die AfD l\u00e4dt zum Neujahresempfang in unsere sch\u00f6nen Provinzmetropole und der M\u00fcnsteraner ist schockiert. Man stellt sich auf gegen Rechts. Verschiedene Demos und Aktionen sind geplant.<\/p>\n<p>\u201eWann ist endlich wieder Sommer\u201c, denke ich, sitze im cuba, einem kleinen Kulturzentrum in M\u00fcnster und rauche heimlich im Technikraum, da es mir drau\u00dfen zu kalt ist. Ich warte auf DJ At, einem Elektro-DJ, mit dem ich heute in Osnabr\u00fcck auf der B\u00fchne stehe. Sonst w\u00fcrde ich auch demonstrieren, denke ich. Nat\u00fcrlich w\u00fcrde ich demonstrieren. Auch wenn es sich im Sommer sicher besser gegen AfD Neujahrsempf\u00e4nge demonstrieren l\u00e4sst. Aber Neujahrsempf\u00e4nge sind eben nicht im Sommer, das liegt in der Natur dieser Empf\u00e4nge.<\/p>\n<p>Ein Neujahrsempfang ist ein Empfang, der zum Jahresbeginn von Staatsoberh\u00e4uptern, Parteien oder anderen sehr wichtigen Ausrichtern gegeben wird. Auf Neujahresempf\u00e4ngen wird viel geredet, begr\u00fc\u00dft, Reden gehalten, Gru\u00dfworte gesprochen und gerne eine k\u00fcnstlerische Darbietung geboten.<\/p>\n<p>Ein Neujahrsempfang wird oft dazu genutzt, einen Ausblick auf die Vorhaben der wichtigen Institutionen und Staatsoberh\u00e4upter im beginnenden Jahr zu geben. Heute Abend gibt sich die Partei &#8220;AfD&#8221; im Rathaus wichtig.<\/p>\n<p>Die AfD ist eine Partei, die einen roten, steifen Penis als Logo hat. Das Logo soll Kraft symbolisieren und zeigen, dass die AfD was bewegen will. Nat\u00fcrlich bestreitet die AfD, dass sie einen roten, steifen Penis als Logo hat, weil das sexistisch und frauenfeindlich w\u00e4re. Die AfD hat Frauke Petry als Vorsitzende und will nat\u00fcrlich nicht frauenfeindlich sein. Sie m\u00f6chte nur, dass man diesen Gender-Wahn stoppt. Das steht auch auf ihren Fahnen \u201eStoppt den Gender-Wahn!\u201c<\/p>\n<p>Mit Gender-Wahn meint die Partei mit Penis das Gender-Mainstreaming. Gender-Mainstreaming ist ein Fremdwort und eine Strategie zur F\u00f6rderung der Gleichstellung der Geschlechter. Gender-Mainstreaming bedeutet, die unterschiedlichen Interessen von Frauen und M\u00e4nnern bei allen Entscheidungen zu ber\u00fccksichtigen, um so die Gleichstellung durchzusetzen. Jedenfalls nennt die Partei mit Penis diese Strategie Gender-Wahn und findet, dass man das wirklich nicht unterst\u00fctzen sollte.<\/p>\n<p>Wir haben andere Probleme, sagt die Partei mit Penis. Zum Beispiel die Ausl\u00e4nder oder die Fl\u00fcchtlinge. Oder die Migranten und die Asylanten und nat\u00fcrlich die falschen Asylbewerber und die kriminellen, falschen Fl\u00fcchtlinge, die ihren extremistischen Religionswahnsinn auf die deutsche Leitkultur st\u00fclpen\u00a0und daf\u00fcr sorgen wollen, dass bald in unseren Kinderg\u00e4rten nur noch arabisch gesprochen wird und alle Frauen Kopft\u00fccher tragen m\u00fcssen. Auch die kleine Paula und ihre Freundinnen aus der Kita \u201eWackelz\u00e4hnchen\u201c m\u00fcssen Kopftuch tragen. Und die Bibel wollen sie gegen den Koran austauschen, schreit die Partei mit Penis. Und Karneval abschaffen.<\/p>\n<p>Und in Herne hei\u00dft der Prinz Karneval Mohammed und ist Kinderg\u00e4rtner bei den Wackelz\u00e4hnchen. Das ist Fakt. Und das m\u00f6chte die AfD nicht, das m\u00f6chte niemand und deswegen haben sie einen Penis als Logo, weil es mit ihnen wieder aufw\u00e4rts geht in diesem Land.<\/p>\n<p>Frauke Petry trumpelt durch Rathaus und sch\u00fcttelt H\u00e4nde und h\u00e4lt Reden und in Th\u00fcringen sitzt der H\u00f6cke und wedelt mit einem Deutschlandf\u00e4hnchen und seinen roten steifen Penis, also dem AfD Logo. Weil eigentlich kann niemand dagegen sein, wenn man Kraft und M\u00e4nnlichkeit will, also dass es aufw\u00e4rts geht. Auch die linken Schurken nicht, sagen die Rechten, die sich eher als Mitte sehen.<\/p>\n<p>Ich rauche heimlich im Technikraum des cubas und frage mich, wann endlich wieder Sommer ist,\u00a0als DJ At vor mir steht und mich einpackt. Petry Heil, sagt er. Igitt, denke ich. Na,\u00a0Petry dank.<\/p>\n","protected":false},"excerpt":{"rendered":"<p>Freitag, 12 Uhr. M\u00fcnster. Frauke Petry trumpelt heute Abend durchs Rathaus. Die AfD l\u00e4dt zum Neujahresempfang in unsere sch\u00f6nen Provinzmetropole und der M\u00fcnsteraner ist schockiert. Man stellt sich auf gegen Rechts. Verschiedene Demos und Aktionen sind geplant. \u201eWann ist endlich wieder Sommer\u201c, denke ich, sitze im cuba, einem kleinen Kulturzentrum in M\u00fcnster und rauche heimlich [&hellip;]<\/p>\n","protected":false},"author":1,"featured_media":0,"comment_status":"open","ping_status":"open","sticky":false,"template":"","format":"standard","meta":{"footnotes":""},"categories":[1],"tags":[],"class_list":["post-183","post","type-post","status-publish","format-standard","hentry","category-allgemein"],"_links":{"self":[{"href":"http:\/\/ruhmundelend.de\/Blog\/wp-json\/wp\/v2\/posts\/183"}],"collection":[{"href":"http:\/\/ruhmundelend.de\/Blog\/wp-json\/wp\/v2\/posts"}],"about":[{"href":"http:\/\/ruhmundelend.de\/Blog\/wp-json\/wp\/v2\/types\/post"}],"author":[{"embeddable":true,"href":"http:\/\/ruhmundelend.de\/Blog\/wp-json\/wp\/v2\/users\/1"}],"replies":[{"embeddable":true,"href":"http:\/\/ruhmundelend.de\/Blog\/wp-json\/wp\/v2\/comments?post=183"}],"version-history":[{"count":8,"href":"http:\/\/ruhmundelend.de\/Blog\/wp-json\/wp\/v2\/posts\/183\/revisions"}],"predecessor-version":[{"id":191,"href":"http:\/\/ruhmundelend.de\/Blog\/wp-json\/wp\/v2\/posts\/183\/revisions\/191"}],"wp:attachment":[{"href":"http:\/\/ruhmundelend.de\/Blog\/wp-json\/wp\/v2\/media?parent=183"}],"wp:term":[{"taxonomy":"category","embeddable":true,"href":"http:\/\/ruhmundelend.de\/Blog\/wp-json\/wp\/v2\/categories?post=183"},{"taxonomy":"post_tag","embeddable":true,"href":"http:\/\/ruhmundelend.de\/Blog\/wp-json\/wp\/v2\/tags?post=183"}],"curies":[{"name":"wp","href":"https:\/\/api.w.org\/{rel}","templated":true}]}}