{"id":177,"date":"2017-02-09T14:08:36","date_gmt":"2017-02-09T13:08:36","guid":{"rendered":"http:\/\/ruhmundelend.de\/Blog\/?p=177"},"modified":"2017-02-09T14:08:36","modified_gmt":"2017-02-09T13:08:36","slug":"rentner-lahm-und-zappelpartys","status":"publish","type":"post","link":"http:\/\/ruhmundelend.de\/Blog\/2017\/02\/09\/rentner-lahm-und-zappelpartys\/","title":{"rendered":"Rentner, Lahm und Zappelpartys"},"content":{"rendered":"<p><img loading=\"lazy\" decoding=\"async\" class=\"alignleft wp-image-99 size-large\" src=\"http:\/\/ruhmundelend.de\/Blog\/wp-content\/uploads\/2017\/01\/titel-1024x614.jpg\" width=\"525\" height=\"315\" srcset=\"http:\/\/ruhmundelend.de\/Blog\/wp-content\/uploads\/2017\/01\/titel-1024x614.jpg 1024w, http:\/\/ruhmundelend.de\/Blog\/wp-content\/uploads\/2017\/01\/titel-300x180.jpg 300w, http:\/\/ruhmundelend.de\/Blog\/wp-content\/uploads\/2017\/01\/titel-768x461.jpg 768w, http:\/\/ruhmundelend.de\/Blog\/wp-content\/uploads\/2017\/01\/titel.jpg 2000w\" sizes=\"(max-width: 525px) 100vw, 525px\" \/>Dienstag, 11 Uhr. M\u00fcnster. Im Radio sagen sie, dass Philipp Lahm jetzt in Rente geht. Ende der Saison ist Schlu\u00df. Lahm steht auch nicht f\u00fcr andere Aufgaben zur Verf\u00fcgung.<\/p>\n<p>Ich sitze im Caf\u00e9 \u201eSonnenschein\u201c, trinke Kaffee, sp\u00e4ter Bier und freue mich, noch nicht in Rente gehen zu m\u00fcssen.<\/p>\n<p>Philipp Lahm wurde 1983 von seiner Mutter geboren, er ist Fu\u00dfballspieler und Kapit\u00e4n des FC Bayern M\u00fcnchen. Mehrmals wurde er mit seinem Verein Deutscher Meister und 2014 mit der Nationalmannschaft sogar Weltmeister. Er ist also ein sehr guter Fu\u00dfballspieler.<\/p>\n<p>Ich bin kein guter Fu\u00dfballspieler, sondern Slam Poet, Leseb\u00fchnenautor, deswegen muss ich auch nicht mit dreiunddrei\u00dfig Jahren in den Ruhestand gehen. Als Slam Poet und Leseb\u00fchnenautor kann man, auch wenn man sehr erfolgreich ist, Rente sowieso vergessen. Mit Dreiunddrei\u00dfig habe ich noch nicht mal gewusst, dass ich irgendwann Leseb\u00fchnenautor werde. Mit Dreiunddrei\u00dfig war ich gerade mal mit meinem Studium fertig und habe gedacht, dass das Leben jetzt erst richtig losgeht.<\/p>\n<p>Ich habe Neuere Geschichte auf Magister studiert und gleichzeitig einen Taxischein gemacht, um mir beruflich alle M\u00f6glichkeiten offen zu lassen. Nach dem Studium habe ich mich sogleich mit der Personenbef\u00f6rderung professionell besch\u00e4ftigt. Sechs Tage die Woche sa\u00df ich nachts im Taxi und habe junge, motivierte Studenten zu Studentenparties gefahren, die Namen trugen wie \u201eErsties knallen\u201c, \u201eZappelexamen&#8221; oder die \u201cDie fetzige Knackwurstfete\u201c. Das war sehr sch\u00f6n, da ich sehr viel \u00fcber das Leben gelernt habe. \u00dcber diese ganzen Erfahrungen habe ich dann Geschichten geschrieben und sie auf Offenen B\u00fchnen und Poetry Slams vorgetragen.<\/p>\n<p>Eine offene B\u00fchne ist eine Show, in der mehrere K\u00fcnstler oder G\u00e4ste spontan auftreten k\u00f6nnen. Je nach Veranstalter sind verschiedene Darbietungsformen zugelassen, z.B.: Musik, Comedy, Stand-Up, Lesung, Prosa, Lyrik, Tanz, Zauberei, Jonglage und Artistik sowie an bestimmten Orten auch Kurzfilme. Da ich Kurzgeschichten schrieb, habe ich mich f\u00fcr die Darstellungsform \u201eLesung\u201c entschieden.<\/p>\n<p>Jedenfalls hat das alles erst mit dreiunddrei\u00dfig Jahren begonnen, einem Alter, wo die feinen Herren Sportler schon in den Ruhestand\u00a0gehen, weil sie k\u00f6rperlich nicht mehr so k\u00f6nnen. Ich bin jetzt f\u00fcnfundvierzig Jahre alt und kann immer noch. Nat\u00fcrlich ist &#8220;Die fetzige Knackwurstfete&#8221; auch nicht mehr so mein Ding, auch die Personenbef\u00f6rderung musste ich dran geben. Aber ich kann noch Geschichtchen schreiben, sinniere\u00a0ich, sitze im Caf\u00e9 \u201eSonnenschein\u201c, schl\u00fcrfe Kaffee, sp\u00e4ter Bier und schieb den Ruhestand noch ein paar Jahre vor mir her.<\/p>\n","protected":false},"excerpt":{"rendered":"<p>Dienstag, 11 Uhr. M\u00fcnster. Im Radio sagen sie, dass Philipp Lahm jetzt in Rente geht. Ende der Saison ist Schlu\u00df. Lahm steht auch nicht f\u00fcr andere Aufgaben zur Verf\u00fcgung. Ich sitze im Caf\u00e9 \u201eSonnenschein\u201c, trinke Kaffee, sp\u00e4ter Bier und freue mich, noch nicht in Rente gehen zu m\u00fcssen. Philipp Lahm wurde 1983 von seiner Mutter [&hellip;]<\/p>\n","protected":false},"author":1,"featured_media":0,"comment_status":"open","ping_status":"open","sticky":false,"template":"","format":"standard","meta":{"footnotes":""},"categories":[1],"tags":[],"class_list":["post-177","post","type-post","status-publish","format-standard","hentry","category-allgemein"],"_links":{"self":[{"href":"http:\/\/ruhmundelend.de\/Blog\/wp-json\/wp\/v2\/posts\/177"}],"collection":[{"href":"http:\/\/ruhmundelend.de\/Blog\/wp-json\/wp\/v2\/posts"}],"about":[{"href":"http:\/\/ruhmundelend.de\/Blog\/wp-json\/wp\/v2\/types\/post"}],"author":[{"embeddable":true,"href":"http:\/\/ruhmundelend.de\/Blog\/wp-json\/wp\/v2\/users\/1"}],"replies":[{"embeddable":true,"href":"http:\/\/ruhmundelend.de\/Blog\/wp-json\/wp\/v2\/comments?post=177"}],"version-history":[{"count":4,"href":"http:\/\/ruhmundelend.de\/Blog\/wp-json\/wp\/v2\/posts\/177\/revisions"}],"predecessor-version":[{"id":181,"href":"http:\/\/ruhmundelend.de\/Blog\/wp-json\/wp\/v2\/posts\/177\/revisions\/181"}],"wp:attachment":[{"href":"http:\/\/ruhmundelend.de\/Blog\/wp-json\/wp\/v2\/media?parent=177"}],"wp:term":[{"taxonomy":"category","embeddable":true,"href":"http:\/\/ruhmundelend.de\/Blog\/wp-json\/wp\/v2\/categories?post=177"},{"taxonomy":"post_tag","embeddable":true,"href":"http:\/\/ruhmundelend.de\/Blog\/wp-json\/wp\/v2\/tags?post=177"}],"curies":[{"name":"wp","href":"https:\/\/api.w.org\/{rel}","templated":true}]}}