{"id":1560,"date":"2022-12-10T15:24:06","date_gmt":"2022-12-10T14:24:06","guid":{"rendered":"http:\/\/ruhmundelend.de\/Blog\/?p=1560"},"modified":"2022-12-10T15:31:26","modified_gmt":"2022-12-10T14:31:26","slug":"franzoesich-fruehstuecken-im-ice","status":"publish","type":"post","link":"http:\/\/ruhmundelend.de\/Blog\/2022\/12\/10\/franzoesich-fruehstuecken-im-ice\/","title":{"rendered":"Franz\u00f6sich fr\u00fchst\u00fccken im ICE"},"content":{"rendered":"\n<p>Weihnachtszeit. ICE M\u00fcnster &#8211; Koblenz. Fr\u00fchst\u00fcck im Bord Bistro. Croissants sind alle. Der Kaffee wird in Pappbechern serviert, da das Geschirr dreckig, die Sp\u00fclmaschine kaputt ist. Mein bestelltes \u201eFranz\u00f6sisches Fr\u00fchst\u00fcck\u201c ist am Ende nur wenig franz\u00f6sisch. Statt Croissants gibt es Mehrkorn-Aufbackbr\u00f6tchen, statt Cappuccino einen Filterkaffee aus der Druckkanne im Pappbecher. Aber: \u201eMein Glas ist heute halbvoll\u201c, jubel ich der Bahn Mitarbeiterin zu, die mir den To- Go- Becher vor die Nase stellt. \u201eIch lasse mir den Tag und mein Fr\u00fchst\u00fcck nicht verderben.\u201c Sie l\u00e4chelt gequ\u00e4lt. Ihr Glas war schon lange nicht mehr halbvoll. Eigentlich hat sie noch nicht mal Gl\u00e4ser.<\/p>\n\n\n\n<!--more-->\n\n\n\n<div class=\"wp-block-image\"><figure class=\"alignleft size-medium\"><img loading=\"lazy\" decoding=\"async\" width=\"300\" height=\"300\" src=\"http:\/\/ruhmundelend.de\/Blog\/wp-content\/uploads\/2022\/12\/IMG_4907-Gross-300x300.jpeg\" alt=\"Franz\u00f6sisches Fr\u00fchst\u00fcck ohne franz\u00f6sisch\" class=\"wp-image-1554\" srcset=\"http:\/\/ruhmundelend.de\/Blog\/wp-content\/uploads\/2022\/12\/IMG_4907-Gross-300x300.jpeg 300w, http:\/\/ruhmundelend.de\/Blog\/wp-content\/uploads\/2022\/12\/IMG_4907-Gross-1024x1024.jpeg 1024w, http:\/\/ruhmundelend.de\/Blog\/wp-content\/uploads\/2022\/12\/IMG_4907-Gross-150x150.jpeg 150w, http:\/\/ruhmundelend.de\/Blog\/wp-content\/uploads\/2022\/12\/IMG_4907-Gross-768x768.jpeg 768w, http:\/\/ruhmundelend.de\/Blog\/wp-content\/uploads\/2022\/12\/IMG_4907-Gross-1140x1140.jpeg 1140w, http:\/\/ruhmundelend.de\/Blog\/wp-content\/uploads\/2022\/12\/IMG_4907-Gross-552x552.jpeg 552w, http:\/\/ruhmundelend.de\/Blog\/wp-content\/uploads\/2022\/12\/IMG_4907-Gross.jpeg 1280w\" sizes=\"(max-width: 300px) 100vw, 300px\" \/><figcaption>Franz\u00f6sisches Fr\u00fchst\u00fcck ohne franz\u00f6sisch.<\/figcaption><\/figure><\/div>\n\n\n\n<p>\u201eTraurig, traurig\u201c, fl\u00fcstere ich, wende mich Sch\u00f6nem zu und schaue raus. Die kalte Winterlandschaft zieht am Fenster des Bord Bistros vorbei. Eigentlich zieht der Zug an der Landschaft vorbei, aber mein Blickwinkel macht die Winterlandschaft vorbeiziehend. Wahnsinn.<\/p>\n\n\n\n<p>Vom Panorama kommt kaum etwas mit dem ICE Bord Bistro mit. Ein hei\u00dfer Kaffee, ein Fensterplatz und ein vorbeiziehendes NRW. ICE Bord Bistro ist meineChili Chili Wohlf\u00fchl-Ort. Hier ist mein Pappbecher immer aus Glas und halbvoll. Gest\u00e4rkt und mit klebrigen Zuckerkaffeepfoten freue ich mich auf den Tag.<\/p>\n","protected":false},"excerpt":{"rendered":"<p>Weihnachtszeit. ICE M\u00fcnster &#8211; Koblenz. Fr\u00fchst\u00fcck im Bord Bistro. Croissants sind alle. Der Kaffee wird in Pappbechern serviert, da das Geschirr dreckig, die Sp\u00fclmaschine kaputt ist. Mein bestelltes \u201eFranz\u00f6sisches Fr\u00fchst\u00fcck\u201c ist am Ende nur wenig franz\u00f6sisch. Statt Croissants gibt es Mehrkorn-Aufbackbr\u00f6tchen, statt Cappuccino einen Filterkaffee aus der Druckkanne im Pappbecher. Aber: \u201eMein Glas ist heute [&hellip;]<\/p>\n","protected":false},"author":1,"featured_media":0,"comment_status":"open","ping_status":"open","sticky":false,"template":"","format":"standard","meta":{"footnotes":""},"categories":[1],"tags":[],"class_list":["post-1560","post","type-post","status-publish","format-standard","hentry","category-allgemein"],"_links":{"self":[{"href":"http:\/\/ruhmundelend.de\/Blog\/wp-json\/wp\/v2\/posts\/1560"}],"collection":[{"href":"http:\/\/ruhmundelend.de\/Blog\/wp-json\/wp\/v2\/posts"}],"about":[{"href":"http:\/\/ruhmundelend.de\/Blog\/wp-json\/wp\/v2\/types\/post"}],"author":[{"embeddable":true,"href":"http:\/\/ruhmundelend.de\/Blog\/wp-json\/wp\/v2\/users\/1"}],"replies":[{"embeddable":true,"href":"http:\/\/ruhmundelend.de\/Blog\/wp-json\/wp\/v2\/comments?post=1560"}],"version-history":[{"count":2,"href":"http:\/\/ruhmundelend.de\/Blog\/wp-json\/wp\/v2\/posts\/1560\/revisions"}],"predecessor-version":[{"id":1563,"href":"http:\/\/ruhmundelend.de\/Blog\/wp-json\/wp\/v2\/posts\/1560\/revisions\/1563"}],"wp:attachment":[{"href":"http:\/\/ruhmundelend.de\/Blog\/wp-json\/wp\/v2\/media?parent=1560"}],"wp:term":[{"taxonomy":"category","embeddable":true,"href":"http:\/\/ruhmundelend.de\/Blog\/wp-json\/wp\/v2\/categories?post=1560"},{"taxonomy":"post_tag","embeddable":true,"href":"http:\/\/ruhmundelend.de\/Blog\/wp-json\/wp\/v2\/tags?post=1560"}],"curies":[{"name":"wp","href":"https:\/\/api.w.org\/{rel}","templated":true}]}}