{"id":153,"date":"2017-02-07T17:50:49","date_gmt":"2017-02-07T16:50:49","guid":{"rendered":"http:\/\/ruhmundelend.de\/Blog\/?p=153"},"modified":"2017-02-08T09:25:35","modified_gmt":"2017-02-08T08:25:35","slug":"mickie-krause-gurkenscheibchen-und-ich","status":"publish","type":"post","link":"http:\/\/ruhmundelend.de\/Blog\/2017\/02\/07\/mickie-krause-gurkenscheibchen-und-ich\/","title":{"rendered":"Mickie Krause, G\u00fcrkchen und ich"},"content":{"rendered":"<p><img loading=\"lazy\" decoding=\"async\" class=\"alignleft wp-image-78 size-medium\" src=\"http:\/\/ruhmundelend.de\/Blog\/wp-content\/uploads\/2017\/01\/IMG_0228-Kopie-300x300.jpg\" width=\"300\" height=\"300\" srcset=\"http:\/\/ruhmundelend.de\/Blog\/wp-content\/uploads\/2017\/01\/IMG_0228-Kopie-300x300.jpg 300w, http:\/\/ruhmundelend.de\/Blog\/wp-content\/uploads\/2017\/01\/IMG_0228-Kopie-150x150.jpg 150w, http:\/\/ruhmundelend.de\/Blog\/wp-content\/uploads\/2017\/01\/IMG_0228-Kopie-100x100.jpg 100w, http:\/\/ruhmundelend.de\/Blog\/wp-content\/uploads\/2017\/01\/IMG_0228-Kopie.jpg 640w\" sizes=\"(max-width: 300px) 100vw, 300px\" \/>Montag, 19 Uhr. Ich sitze im Backstage Bereich des Jovels, einem Club in M\u00fcnster, esse\u00a0belegte Br\u00f6tchen, Schokoriegel und G\u00fcrkchen. In einer Stunde soll ich Kurzgeschichten auf der B\u00fchne vorlesen, deswegen darf ich hier sitzen und umsonst G\u00fcrkchen knuspern.<\/p>\n<p>Die Show, von der ich ein Teil bin, hei\u00dft Sebel + 1. Sebel, ein Musiker aus Recklinghausen, l\u00e4dt monatlich K\u00fcnstler ein, auf der B\u00fchne ihre Musik oder ihre Texte zu pr\u00e4sentieren. Neben den angek\u00fcndigten Showacts gibt es auch immer einen \u00dcberraschungsgast. Heute hei\u00dft dieser \u201eMickie Krause\u201c. Mickie Krause ist Schlagers\u00e4nger und wurde bekannt durch seinen Topsong \u201eZehn nackte Friseusen\u201c. Auch wenn ich kein Schlager h\u00f6re, kenne ich Mickie Krause und seine Friseusen.<\/p>\n<p>Sebel fragt mich, wie er mich ank\u00fcndigen soll. \u201eKann ich Poetry Slammer Andreas Weber sagen?\u201c, fragt er. Ich nicke. \u201eDas kann man sagen\u201c, antworte ich und knuspere weiter meine G\u00fcrkchen.<\/p>\n<p>Ich muss daran denken, dass G\u00fcrkchen sehr\u00a0kalorienarm sind und reich an N\u00e4hrstoffen. Daher bieten sie sich f\u00fcr eine\u00a0gute und gesunde\u00a0Ern\u00e4hrung an, aber ich schweife ab.<\/p>\n<p>Ich bin ein Poetry Slammer. Ein Poetry Slam ist ein literarischer Vortragswettbewerb, bei dem selbstgeschriebene Texte innerhalb einer bestimmten Zeit einem Publikum vorgetragen werden. Die Zuh\u00f6rer k\u00fcren anschlie\u00dfend den Sieger, der eine Flasche Schnaps als Preis bekommt. Da ich seit \u00fcber vierzehn Jahren literarische Vortragswettbewerbe besuche und veranstalte, kann man mich als Poetry Slammer bezeichnen. Ich habe auch schon oft den Schnaps bekommen, weswegen ich heute auch Teil der Show sein darf.<\/p>\n<p>Mickie Krause kommt in den Backstage Raum und sch\u00fcttelt H\u00e4nde. \u201eMickie\u201c, sagt Mickie. \u201eAndreas\u201c, sage ich und verschlucke mich an einer Gurkenscheibe. Ich h\u00e4tte nicht vermutet, dass Mickie Krause so ein netter Typ ist, denke ich. Oft sind Stars unnahbar, aber dieser Mickie ist ein ganz lockerer Star.<\/p>\n<p>Wir sitzen eine Weile zusammen und Mickie sch\u00fcttelt weitere H\u00e4nde und i\u00dft vom gleichen Buffett wie wir anderen Gurkenscheibchen.<\/p>\n<p>Dann beginnt die Show. Ich beginne den Abend, erz\u00e4hle auf der B\u00fchne ein wenig vom Leben eines Poetry Slammers und lese eine halbe Stunde Kurzgeschichten. Nach mir kommt eine Indie-Pop-Band an die Reihe. Die Lieferanten. Sie erz\u00e4hlen auf der B\u00fchne ein wenig vom Leben einer Indie-Pop-Band und spielen eine halbe Stunde gute Popsongs. Sie klingen ein wenig wie\u00a0Selig. Endlich\u00a0ist Mickie dran. Er erz\u00e4hlt ein wenig vom Leben eines Schlagers\u00e4ngers und singt danach eine halbe Stunde Schlagerlieder. Das Publikum singt teilweise mit. Als Zugabe gibt es seinen Topsong \u201eZehn nackte Friseusen\u201c.<\/p>\n<p>Sp\u00e4ter im Backstage sage ich zu Mickie Krause, dass ich nicht gedacht h\u00e4tte, mir mit ihm mal die B\u00fchne zu teilen. Mickie Krause sagt, dass er letzte Woche Helene Fischer getroffen habe. Sie hat zu ihm genau das gleiche gesagt. Vor Jahren stand sie vor ihm auf der B\u00fchne. Mickie Krause ist also f\u00fcr den sp\u00e4teren Erfolg ein gutes Omen. Aus der Helene ist auch was geworden, sagt der Mickie, sch\u00fcttelt ein letztes Mal H\u00e4nde und i\u00dft ein G\u00fcrkchen.<\/p>\n<p>&nbsp;<\/p>\n","protected":false},"excerpt":{"rendered":"<p>Montag, 19 Uhr. Ich sitze im Backstage Bereich des Jovels, einem Club in M\u00fcnster, esse\u00a0belegte Br\u00f6tchen, Schokoriegel und G\u00fcrkchen. In einer Stunde soll ich Kurzgeschichten auf der B\u00fchne vorlesen, deswegen darf ich hier sitzen und umsonst G\u00fcrkchen knuspern. Die Show, von der ich ein Teil bin, hei\u00dft Sebel + 1. Sebel, ein Musiker aus Recklinghausen, [&hellip;]<\/p>\n","protected":false},"author":1,"featured_media":0,"comment_status":"open","ping_status":"open","sticky":false,"template":"","format":"standard","meta":{"footnotes":""},"categories":[1],"tags":[],"class_list":["post-153","post","type-post","status-publish","format-standard","hentry","category-allgemein"],"_links":{"self":[{"href":"http:\/\/ruhmundelend.de\/Blog\/wp-json\/wp\/v2\/posts\/153"}],"collection":[{"href":"http:\/\/ruhmundelend.de\/Blog\/wp-json\/wp\/v2\/posts"}],"about":[{"href":"http:\/\/ruhmundelend.de\/Blog\/wp-json\/wp\/v2\/types\/post"}],"author":[{"embeddable":true,"href":"http:\/\/ruhmundelend.de\/Blog\/wp-json\/wp\/v2\/users\/1"}],"replies":[{"embeddable":true,"href":"http:\/\/ruhmundelend.de\/Blog\/wp-json\/wp\/v2\/comments?post=153"}],"version-history":[{"count":10,"href":"http:\/\/ruhmundelend.de\/Blog\/wp-json\/wp\/v2\/posts\/153\/revisions"}],"predecessor-version":[{"id":175,"href":"http:\/\/ruhmundelend.de\/Blog\/wp-json\/wp\/v2\/posts\/153\/revisions\/175"}],"wp:attachment":[{"href":"http:\/\/ruhmundelend.de\/Blog\/wp-json\/wp\/v2\/media?parent=153"}],"wp:term":[{"taxonomy":"category","embeddable":true,"href":"http:\/\/ruhmundelend.de\/Blog\/wp-json\/wp\/v2\/categories?post=153"},{"taxonomy":"post_tag","embeddable":true,"href":"http:\/\/ruhmundelend.de\/Blog\/wp-json\/wp\/v2\/tags?post=153"}],"curies":[{"name":"wp","href":"https:\/\/api.w.org\/{rel}","templated":true}]}}