{"id":1514,"date":"2022-12-06T22:34:13","date_gmt":"2022-12-06T21:34:13","guid":{"rendered":"http:\/\/ruhmundelend.de\/Blog\/?p=1514"},"modified":"2022-12-13T23:10:01","modified_gmt":"2022-12-13T22:10:01","slug":"erich","status":"publish","type":"post","link":"http:\/\/ruhmundelend.de\/Blog\/2022\/12\/06\/erich\/","title":{"rendered":"#Du gehst nice auf Techno Party und ich gehe wandern. #ERICH"},"content":{"rendered":"\n<div class=\"wp-block-image is-style-default\"><figure class=\"alignright size-medium is-resized\"><img loading=\"lazy\" decoding=\"async\" src=\"http:\/\/ruhmundelend.de\/Blog\/wp-content\/uploads\/2022\/12\/IMG_4886-Gross-300x300.jpeg\" alt=\"\" class=\"wp-image-1513\" width=\"448\" height=\"448\" srcset=\"http:\/\/ruhmundelend.de\/Blog\/wp-content\/uploads\/2022\/12\/IMG_4886-Gross-300x300.jpeg 300w, http:\/\/ruhmundelend.de\/Blog\/wp-content\/uploads\/2022\/12\/IMG_4886-Gross-1024x1024.jpeg 1024w, http:\/\/ruhmundelend.de\/Blog\/wp-content\/uploads\/2022\/12\/IMG_4886-Gross-150x150.jpeg 150w, http:\/\/ruhmundelend.de\/Blog\/wp-content\/uploads\/2022\/12\/IMG_4886-Gross-768x768.jpeg 768w, http:\/\/ruhmundelend.de\/Blog\/wp-content\/uploads\/2022\/12\/IMG_4886-Gross-100x100.jpeg 100w, http:\/\/ruhmundelend.de\/Blog\/wp-content\/uploads\/2022\/12\/IMG_4886-Gross.jpeg 1280w\" sizes=\"(max-width: 448px) 100vw, 448px\" \/><figcaption><em>Statt Ortschild ein kaputter Condomat. Coerde w\u00e4chst \u00fcberproportional im Vergleich zu den anderen Stadtvierteln. <\/em><\/figcaption><\/figure><\/div>\n\n\n\n<p>Du gehst nice auf Techno Party und ich gehe wandern. Heute in Coerde. Ein Stadtteil im Norden M\u00fcnsters. Meine Mutter wohnt in Coerde, braucht ihre Medikamente. Bei Doktor Anzeichener soll ich das Rezept abholen, in der Stadtteil -Apotheke gleich einl\u00f6sen. <\/p>\n\n\n\n<p>In Coerde ist es immer ein wenig k\u00e4lter als in den anderen Stadtteilen. <em>Das ist die soziale K\u00e4lte,<\/em> sagen die M\u00fcnsteraner:innen, die sich eine Bleibe in der Innenstadt durch richtige Berufswahl, Erbschaft oder einfach Gl\u00fcck erschleichen konnten. <\/p>\n\n\n\n<p>Ich bin sogar in Coerde zur Schule gegangen. Nicht selten war die Tupperdose leer, bevor ich die sichere Schule erreichte. Das waren dann die Kinder aus Alt Coerde. Die schlimmsten, die miesesten Kinder kamen aus einer Familie. Die Familie war so ber\u00fcchtigt, dass unsere Eltern sogar vor ihnen zitterten. Mein Papa w\u00e4re nie im Dunkeln nach Alt Coerde gegangen. Einmal bat ich ihn, mich fr\u00fchabends vom Spielen abzuholen. Ich war bei einem anderen Sch\u00fcler aus meiner Grundschule, Michael aus der Igel Klasse, auf den Geburtstag eingeladen. Aber mein Papa meinte, ich w\u00fcrde schon alleine nach Hause finden, er sei doch nicht lebensm\u00fcde und Kindern tun die nicht so schnell was. &#8220;Ach Papa&#8221;, dachte ich damals, &#8220;Du Schisser.&#8221;<\/p>\n\n\n\n<p>Ich dagegen hatte sogar einen aus dieser krassen Familie in meiner Klasse. Den Erich. <\/p>\n\n\n\n<p>Erich lernte ich allerdings erst in der Vierten kennen. Erich war n\u00e4mlich sitzengeblieben. Schon zweimal. Als ich nach der Vierten die Grundschule verlie\u00df, hatte Erich das Schuljahr wieder verkackt. Aber die Schule wollte ihn auch nicht mehr, und so lie\u00df man ihn ziehen. <\/p>\n\n\n\n<p>Erich. Er soll es bei der Bundeswehr versucht haben. Oder noch H\u00e4rteres. Pazifist war er jedenfalls nicht. Ich aber. Soweit man in Coerde Pazifist sein kann (damals lernte ich, dass es verschiedene Arten von Pazisfismus gibt). Jedenfalls wollte ich so jemandem wie Erich nicht als Feind haben und pr\u00fcgeln wollte ich mich sowieso nicht, und so habe ich Erich Schutzgeld bezahlt. Nicht viel. Er sagte, es w\u00e4ren kleine Freundschaftsgeschenke, aber es war Schutzgeld. Hier man eine Ernte 23 vom Opa. Hier eine Reval von der Oma oder HB von Mama. Meistens brachte ich ihm Zigaretten mit. Andere Alkohol. Einer soll ihm sogar ein M\u00e4dchen gebracht haben, von der Hauptschule gegen\u00fcber. Sie hat Erich auf dem Mund gek\u00fcsst. Erich.<\/p>\n\n\n\n<p>In den Pause k\u00fcmmerte sich Erich um seine Freunde. Niemand sollte seine Freunde anr\u00fchren.  Erich nahm seine Aufgabne serhr ernst. Nur die anderen Sch\u00fcler:innen schikanierte er.  Nur meine Mitsch\u00fcler:innen qu\u00e4lte, beleidigte, haute er. Nur ihnen f\u00fcgte er Schmerzen zu oder drohte damit, sie oder ihn nachts zu holen, in den Wald zu zerren und sie an einem Baum zu fesseln. Erich. Ach Erich. <\/p>\n\n\n\n<p>Wir glaubten ihm alle. Ohne Zweifel w\u00fcrde er das machten. Wir waren in Coerde. Das war Erich. Sogar mein Vater meinte, ich sollte jetzt mal nicht extra Streit suchen. <em>H\u00e4h, extra Streit suchen. Papa? <\/em><\/p>\n\n\n\n<p>Ein paar Jahre sp\u00e4ter lese ich in der WN einen Artikel \u00fcber durchschnittliche Schulabschl\u00fcsse in den einzelnen Stadtvierteln M\u00fcnsters.  Wer in Coerde aufw\u00e4chst, hat es am Schwersten, steht da. <\/p>\n\n\n\n<p>Ich bin schon ein wenig stolz. Ich hab es geschafft. Ich bin aus dem Viertel rausgekommen.  Aber heute, wenn ich zu Besuch bin, drehe ich mich immer noch vorsichtig um, horche, schwitze. Habe Angst. Vor Erich.<\/p>\n","protected":false},"excerpt":{"rendered":"<p>Du gehst nice auf Techno Party und ich gehe wandern. Heute in Coerde. Ein Stadtteil im Norden M\u00fcnsters. Meine Mutter wohnt in Coerde, braucht ihre Medikamente. Bei Doktor Anzeichener soll ich das Rezept abholen, in der Stadtteil -Apotheke gleich einl\u00f6sen. In Coerde ist es immer ein wenig k\u00e4lter als in den anderen Stadtteilen. Das ist [&hellip;]<\/p>\n","protected":false},"author":1,"featured_media":0,"comment_status":"open","ping_status":"open","sticky":false,"template":"","format":"standard","meta":{"footnotes":""},"categories":[1],"tags":[],"class_list":["post-1514","post","type-post","status-publish","format-standard","hentry","category-allgemein"],"_links":{"self":[{"href":"http:\/\/ruhmundelend.de\/Blog\/wp-json\/wp\/v2\/posts\/1514"}],"collection":[{"href":"http:\/\/ruhmundelend.de\/Blog\/wp-json\/wp\/v2\/posts"}],"about":[{"href":"http:\/\/ruhmundelend.de\/Blog\/wp-json\/wp\/v2\/types\/post"}],"author":[{"embeddable":true,"href":"http:\/\/ruhmundelend.de\/Blog\/wp-json\/wp\/v2\/users\/1"}],"replies":[{"embeddable":true,"href":"http:\/\/ruhmundelend.de\/Blog\/wp-json\/wp\/v2\/comments?post=1514"}],"version-history":[{"count":8,"href":"http:\/\/ruhmundelend.de\/Blog\/wp-json\/wp\/v2\/posts\/1514\/revisions"}],"predecessor-version":[{"id":1647,"href":"http:\/\/ruhmundelend.de\/Blog\/wp-json\/wp\/v2\/posts\/1514\/revisions\/1647"}],"wp:attachment":[{"href":"http:\/\/ruhmundelend.de\/Blog\/wp-json\/wp\/v2\/media?parent=1514"}],"wp:term":[{"taxonomy":"category","embeddable":true,"href":"http:\/\/ruhmundelend.de\/Blog\/wp-json\/wp\/v2\/categories?post=1514"},{"taxonomy":"post_tag","embeddable":true,"href":"http:\/\/ruhmundelend.de\/Blog\/wp-json\/wp\/v2\/tags?post=1514"}],"curies":[{"name":"wp","href":"https:\/\/api.w.org\/{rel}","templated":true}]}}