{"id":1492,"date":"2022-03-21T12:55:33","date_gmt":"2022-03-21T11:55:33","guid":{"rendered":"http:\/\/ruhmundelend.de\/Blog\/?p=1492"},"modified":"2022-12-12T14:20:28","modified_gmt":"2022-12-12T13:20:28","slug":"hoffmanns-buedchen-episode-68-nicht-hoffmanns-krieg","status":"publish","type":"post","link":"http:\/\/ruhmundelend.de\/Blog\/2022\/03\/21\/hoffmanns-buedchen-episode-68-nicht-hoffmanns-krieg\/","title":{"rendered":"Hoffmanns B\u00fcdchen (Episode 68) \u2013 Nicht Hoffmanns Krieg"},"content":{"rendered":"\n<p>Herr Hoffmann steht hinter seiner Theke. Es ist Sonntag, aber f\u00fcr Herrn Hoffmann ist Sonntag auch nur ein Arbeitstag. Wie immer steht er von zehn Uhr morgens bis zehn Uhr abends im B\u00fcdchen.<\/p>\n\n\n\n<p>Gl\u00fccklicherweise sind heute aber wenigstens die Schulen dicht. \u201eJetzt auch noch einen Haufen Sch\u00fcler, die mir auf den Kopf rumtanzen. Das fehlte mir heute noch\u201c, denkt Herr Hoffmann und guckt auf die Sonntagszeitungen, die vor ihm auf der Theke liegen. Die Schlagzeilen schlagen alle die gleichen Zeilen:<\/p>\n\n\n\n<p><em>Es ist Krieg. Krieg<\/em><\/p>\n\n\n\n<p>Das T\u00fcrgl\u00f6ckchen l\u00e4utet. Herr Hoffmann erschrickt. Es ist Herr \u00c4rmel. Gott sei dank, nur der \u00c4rmel, denkt Herr Hoffmann erleichtert. Herr \u00c4rmel ist Stammkunde in Hoffmanns B\u00fcdchen und Herr Hoffmann freut sich, ihn wiederzusehen. Der Architekt im Ruhestand war schon ein paar Tage nicht mehr im Kiosk.<\/p>\n\n\n\n<p>\u201eGuten Tag, Herr Hoffmann. Wie geht\u2019s im Denkerst\u00fcbchen?\u201c<\/p>\n\n\n\n<p>Herr \u00c4rmel sagt zum B\u00fcdchen immer Denkerst\u00fcbchen. Er findet das lustig. Herr Hoffmann findet es auch lustig.<\/p>\n\n\n\n<p>\u201eHerr \u00c4rmel, wie sch\u00f6n\u201c, sagt also Herr Hoffmann. Er freut sich aufrichtig \u2013 sogar an so einem Tag freut er sich aufrichtig den kleinen Philosophen, und ein kleiner Philosoph ist Herr \u00c4rmel, also dem kleinen Philosophen wiederzusehen. Aber der Weltschmerz hat den B\u00fcdchen Betreiber gleich wieder gepackt.<\/p>\n\n\n\n<p>\u201eWie soll es einem gehen, Herr \u00c4rmel. Es ist Krieg!\u201c, sagt Herr Hoffmann ernst.<\/p>\n\n\n\n<p>\u201eJa, es ist Krieg\u201c, sagt nicht weniger ernst Herr \u00c4rmel.<\/p>\n\n\n\n<p>\u201eZeitenwende\u201c, sagt Herr Hoffmann.<\/p>\n\n\n\n<p>\u201eJa, Zeitenwende\u201c, sagt nun auch Herr \u00c4rmel.<\/p>\n\n\n\n<p>Beide M\u00e4nner sind eigentlich nicht auf den Kopf gefallen. Beiden wirken ganz sch\u00f6n auf den Kopf gefallen. An diesem Sonntag. Es ist Krieg.  Sie sind sprachlos. Wie auf den Kopf gefallen. Oder von den Schlagzeilen erschlagen. Es ist Krieg.<\/p>\n","protected":false},"excerpt":{"rendered":"<p>Herr Hoffmann steht hinter seiner Theke. Es ist Sonntag, aber f\u00fcr Herrn Hoffmann ist Sonntag auch nur ein Arbeitstag. Wie immer steht er von zehn Uhr morgens bis zehn Uhr abends im B\u00fcdchen. Gl\u00fccklicherweise sind heute aber wenigstens die Schulen dicht. \u201eJetzt auch noch einen Haufen Sch\u00fcler, die mir auf den Kopf rumtanzen. Das fehlte [&hellip;]<\/p>\n","protected":false},"author":1,"featured_media":0,"comment_status":"open","ping_status":"open","sticky":false,"template":"","format":"standard","meta":{"footnotes":""},"categories":[1],"tags":[],"class_list":["post-1492","post","type-post","status-publish","format-standard","hentry","category-allgemein"],"_links":{"self":[{"href":"http:\/\/ruhmundelend.de\/Blog\/wp-json\/wp\/v2\/posts\/1492"}],"collection":[{"href":"http:\/\/ruhmundelend.de\/Blog\/wp-json\/wp\/v2\/posts"}],"about":[{"href":"http:\/\/ruhmundelend.de\/Blog\/wp-json\/wp\/v2\/types\/post"}],"author":[{"embeddable":true,"href":"http:\/\/ruhmundelend.de\/Blog\/wp-json\/wp\/v2\/users\/1"}],"replies":[{"embeddable":true,"href":"http:\/\/ruhmundelend.de\/Blog\/wp-json\/wp\/v2\/comments?post=1492"}],"version-history":[{"count":1,"href":"http:\/\/ruhmundelend.de\/Blog\/wp-json\/wp\/v2\/posts\/1492\/revisions"}],"predecessor-version":[{"id":1493,"href":"http:\/\/ruhmundelend.de\/Blog\/wp-json\/wp\/v2\/posts\/1492\/revisions\/1493"}],"wp:attachment":[{"href":"http:\/\/ruhmundelend.de\/Blog\/wp-json\/wp\/v2\/media?parent=1492"}],"wp:term":[{"taxonomy":"category","embeddable":true,"href":"http:\/\/ruhmundelend.de\/Blog\/wp-json\/wp\/v2\/categories?post=1492"},{"taxonomy":"post_tag","embeddable":true,"href":"http:\/\/ruhmundelend.de\/Blog\/wp-json\/wp\/v2\/tags?post=1492"}],"curies":[{"name":"wp","href":"https:\/\/api.w.org\/{rel}","templated":true}]}}