{"id":1401,"date":"2021-12-09T18:21:52","date_gmt":"2021-12-09T17:21:52","guid":{"rendered":"http:\/\/ruhmundelend.de\/Blog\/?p=1401"},"modified":"2021-12-09T22:16:38","modified_gmt":"2021-12-09T21:16:38","slug":"hoffmanns-buedchen-62-die-grosse-erzaehlung","status":"publish","type":"post","link":"http:\/\/ruhmundelend.de\/Blog\/2021\/12\/09\/hoffmanns-buedchen-62-die-grosse-erzaehlung\/","title":{"rendered":"Hoffmanns B\u00fcdchen (62) \u2013 Die gro\u00dfe Erz\u00e4hlung"},"content":{"rendered":"\n<p>Herr Hoffmann steht hinter seiner Theke. Das T\u00fcrgl\u00f6ckchen l\u00e4utet. Es ist Paket Paul. Stammkunde. Paket Bote. <\/p>\n\n\n\n<p>\u201eTach, Herr Hoffmann\u201c, gr\u00fc\u00dft der Stammkunde.<\/p>\n\n\n\n<p>\u201eHallo Paul\u201c, gr\u00fc\u00dft Herr Hoffmann freundlich zur\u00fcck.<\/p>\n\n\n\n<p>\u201eHerr Hoffmann, warum reden wir eigentlich nie \u00fcber Corona?\u201c, fragt Paket Paul.<\/p>\n\n\n\n<p>\u201eWeil das \u00fcbern\u00e4chstes Jahr keinen mehr interessiert\u201c, sagt Herr Hoffmann.<\/p>\n\n\n\n<p>\u201eVersteh ich nicht\u201c, sagt Paket Paul.<\/p>\n\n\n\n<p>Wie soll er auch?, denkt Herr Hoffmann.<\/p>\n\n\n\n<p>Um ihn zu beruhigen, unterh\u00e4lt er sich ein paar Minuten mit Paket Paul \u00fcber Corona, Masken und die Impflicht, dann muss Paket Paul weiter Pakete austragen.<\/p>\n\n\n\n<p>Gestern. Heute. Morgen. Herr Hoffmann steht hinter seiner Theke. Wir sind alle nur Marionetten einer gro\u00dfen Erz\u00e4hlung, seufzt er.<\/p>\n\n\n\n<p>Wie recht Du doch hast, Herr Hoffmann.<\/p>\n","protected":false},"excerpt":{"rendered":"<p>Herr Hoffmann steht hinter seiner Theke. Das T\u00fcrgl\u00f6ckchen l\u00e4utet. Es ist Paket Paul. Stammkunde. Paket Bote. \u201eTach, Herr Hoffmann\u201c, gr\u00fc\u00dft der Stammkunde. \u201eHallo Paul\u201c, gr\u00fc\u00dft Herr Hoffmann freundlich zur\u00fcck. \u201eHerr Hoffmann, warum reden wir eigentlich nie \u00fcber Corona?\u201c, fragt Paket Paul. \u201eWeil das \u00fcbern\u00e4chstes Jahr keinen mehr interessiert\u201c, sagt Herr Hoffmann. \u201eVersteh ich nicht\u201c, sagt [&hellip;]<\/p>\n","protected":false},"author":1,"featured_media":0,"comment_status":"open","ping_status":"open","sticky":false,"template":"","format":"standard","meta":{"footnotes":""},"categories":[1,19],"tags":[],"class_list":["post-1401","post","type-post","status-publish","format-standard","hentry","category-allgemein","category-hoffmanns-buedchen"],"_links":{"self":[{"href":"http:\/\/ruhmundelend.de\/Blog\/wp-json\/wp\/v2\/posts\/1401"}],"collection":[{"href":"http:\/\/ruhmundelend.de\/Blog\/wp-json\/wp\/v2\/posts"}],"about":[{"href":"http:\/\/ruhmundelend.de\/Blog\/wp-json\/wp\/v2\/types\/post"}],"author":[{"embeddable":true,"href":"http:\/\/ruhmundelend.de\/Blog\/wp-json\/wp\/v2\/users\/1"}],"replies":[{"embeddable":true,"href":"http:\/\/ruhmundelend.de\/Blog\/wp-json\/wp\/v2\/comments?post=1401"}],"version-history":[{"count":3,"href":"http:\/\/ruhmundelend.de\/Blog\/wp-json\/wp\/v2\/posts\/1401\/revisions"}],"predecessor-version":[{"id":1405,"href":"http:\/\/ruhmundelend.de\/Blog\/wp-json\/wp\/v2\/posts\/1401\/revisions\/1405"}],"wp:attachment":[{"href":"http:\/\/ruhmundelend.de\/Blog\/wp-json\/wp\/v2\/media?parent=1401"}],"wp:term":[{"taxonomy":"category","embeddable":true,"href":"http:\/\/ruhmundelend.de\/Blog\/wp-json\/wp\/v2\/categories?post=1401"},{"taxonomy":"post_tag","embeddable":true,"href":"http:\/\/ruhmundelend.de\/Blog\/wp-json\/wp\/v2\/tags?post=1401"}],"curies":[{"name":"wp","href":"https:\/\/api.w.org\/{rel}","templated":true}]}}