{"id":1341,"date":"2021-10-28T13:46:26","date_gmt":"2021-10-28T11:46:26","guid":{"rendered":"http:\/\/ruhmundelend.de\/Blog\/?p=1341"},"modified":"2021-10-28T13:55:14","modified_gmt":"2021-10-28T11:55:14","slug":"sitzt-gott-im-gehirn-oder-wie-es-wirklich-einen-grossen-haufen-auf-den-klimawandel-zu-machen","status":"publish","type":"post","link":"http:\/\/ruhmundelend.de\/Blog\/2021\/10\/28\/sitzt-gott-im-gehirn-oder-wie-es-wirklich-einen-grossen-haufen-auf-den-klimawandel-zu-machen\/","title":{"rendered":"Sitzt Gott im Gehirn, oder wie ist es wirklich, einen gro\u00dfen Haufen auf den Klimawandel zu machen?\u201c"},"content":{"rendered":"\n<p>In meiner Wochenzeitung gibt es eine Kolumne <em>\u201eWie es wirklich ist.\u201c<\/em> Hier d\u00fcrfen Leser*innen zu Wort kommen und \u00fcber ihre tragischen, komischen und absurden Erlebnisse mit unserer Republik und ihren Strukturen berichten.<\/p>\n\n\n\n<p>So hei\u00dft es aktuell: <em>Wie es wirklich ist, in den Herbstferien vom BER zu fliegen.<\/em><\/p>\n\n\n\n<p>Ein, laut Eigenaussage, angesehenerArchitekt berichtet<em>: Er<\/em> hatte Wartezeit beim Check In. Ja, viele Menschen hatten Wartezeit beim Check In. Anderthalb Stunden (in Zahlen 90 Minuten) musste man warten.<\/p>\n\n\n\n<p>Und das, wo man in den Urlaub fliegen wollte, den man sich so verdient hat (er ist ein vielbesch\u00e4ftigter, angesehener Architekt, der Herr Baumeister). Die sch\u00f6nste Zeit des Jahres und dann 90 Minuten Versp\u00e4tung! Geht doch nicht, sagt er. <\/p>\n\n\n\n<p>Eine \u00e4ltere Dame ist dann auch noch wegen des medizinischen Mund-Nase Schutzes und der unverh\u00e4ltnism\u00e4\u00dfigen langen Wartezeit umkippt. 90 Minuten warten. Das ertr\u00e4gt doch keiner, sagt er.<\/p>\n\n\n\n<p>Gl\u00fccklicherweise half die Frau des Architekten als Ersthelferin &#8211; und das vor dem Urlaub, dem Verdienten. Mit einem St\u00fcck Schokolade konnte sie der armen, alten Frau, die nur den Wunsch hatte,  ein letztes Mal in den Urlaub fliegen zu k\u00f6nnen, helfen. Aber was, wenn sie das n\u00e4chste Mal nicht vor Ort ist? Wird die alte Dame \u00fcberhaupt noch einmal fliegen k\u00f6nnen? Sicher nicht vom BER, sagt der Herr Architekt.<\/p>\n\n\n\n<p>Nein, es war furchtbar, in den Urlaub zu fliegen, berichtet er. Mit 90 Minuten Versp\u00e4tung hob man ab. Da w\u00e4re man mit dem SVU schon fast in Frankreich gewesen.<\/p>\n\n\n\n<p>Aber am Ziel wartete der Mietwagen. Gott sei dank. Noch kann man sich einen Verbrenner ausleihen. Noch kann man \u00fcberhaupt mit den Kindern in den Urlaub fliegen. Noch darf man Kurzstrecke fliegen. <\/p>\n\n\n\n<p>Aber wie lange noch? Der Architekt wei\u00df es nicht. Aber er wei\u00df: Alle unf\u00e4hig.<\/p>\n\n\n\n<p>Und ich, der Leser, wei\u00df jetzt, wie es wirklich ist, mitten im Klimawandel zu stecken, und drauf zu schei\u00dfen.<\/p>\n\n\n\n<p>Also flieg weiter, kleiner Architekt.<\/p>\n\n\n\n<p>Flieg weiter und singe das Lied, das &#8220;Mir ist die Welt schei\u00df egal &#8211; Lied&#8221;. <\/p>\n\n\n\n<p>Tina &#8211; ist das nicht prima<br>Was f\u00fcr ein Klima;<br>Haben wir hier schlechtes Klima<br>Fahren wir sofort nach Lima. <\/p>\n","protected":false},"excerpt":{"rendered":"<p>In meiner Wochenzeitung gibt es eine Kolumne \u201eWie es wirklich ist.\u201c Hier d\u00fcrfen Leser*innen zu Wort kommen und \u00fcber ihre tragischen, komischen und absurden Erlebnisse mit unserer Republik und ihren Strukturen berichten. So hei\u00dft es aktuell: Wie es wirklich ist, in den Herbstferien vom BER zu fliegen. Ein, laut Eigenaussage, angesehenerArchitekt berichtet: Er hatte Wartezeit [&hellip;]<\/p>\n","protected":false},"author":1,"featured_media":0,"comment_status":"open","ping_status":"open","sticky":false,"template":"","format":"standard","meta":{"footnotes":""},"categories":[1],"tags":[],"class_list":["post-1341","post","type-post","status-publish","format-standard","hentry","category-allgemein"],"_links":{"self":[{"href":"http:\/\/ruhmundelend.de\/Blog\/wp-json\/wp\/v2\/posts\/1341"}],"collection":[{"href":"http:\/\/ruhmundelend.de\/Blog\/wp-json\/wp\/v2\/posts"}],"about":[{"href":"http:\/\/ruhmundelend.de\/Blog\/wp-json\/wp\/v2\/types\/post"}],"author":[{"embeddable":true,"href":"http:\/\/ruhmundelend.de\/Blog\/wp-json\/wp\/v2\/users\/1"}],"replies":[{"embeddable":true,"href":"http:\/\/ruhmundelend.de\/Blog\/wp-json\/wp\/v2\/comments?post=1341"}],"version-history":[{"count":3,"href":"http:\/\/ruhmundelend.de\/Blog\/wp-json\/wp\/v2\/posts\/1341\/revisions"}],"predecessor-version":[{"id":1345,"href":"http:\/\/ruhmundelend.de\/Blog\/wp-json\/wp\/v2\/posts\/1341\/revisions\/1345"}],"wp:attachment":[{"href":"http:\/\/ruhmundelend.de\/Blog\/wp-json\/wp\/v2\/media?parent=1341"}],"wp:term":[{"taxonomy":"category","embeddable":true,"href":"http:\/\/ruhmundelend.de\/Blog\/wp-json\/wp\/v2\/categories?post=1341"},{"taxonomy":"post_tag","embeddable":true,"href":"http:\/\/ruhmundelend.de\/Blog\/wp-json\/wp\/v2\/tags?post=1341"}],"curies":[{"name":"wp","href":"https:\/\/api.w.org\/{rel}","templated":true}]}}