{"id":1290,"date":"2021-09-07T18:27:34","date_gmt":"2021-09-07T16:27:34","guid":{"rendered":"http:\/\/ruhmundelend.de\/Blog\/?p=1290"},"modified":"2021-09-15T15:00:11","modified_gmt":"2021-09-15T13:00:11","slug":"hoffmann-buedchen-44-probleme-mit-herrn-aermel","status":"publish","type":"post","link":"http:\/\/ruhmundelend.de\/Blog\/2021\/09\/07\/hoffmann-buedchen-44-probleme-mit-herrn-aermel\/","title":{"rendered":"Hoffmann B\u00fcdchen (44) &#8211; Probleme mit Herrn \u00c4rmel"},"content":{"rendered":"\n<p>Herr Hoffmann steht hinter seiner Theke. Vor der Theke brodelt es &#8211; nicht viel, aber genug f\u00fcr den kleinen Kiosk.<\/p>\n\n\n\n<p>\u201eHerr Hoffmann! Und die Kunst?\u201c, sagt Herr \u00c4rmel erregt.<\/p>\n\n\n\n<p>\u201eWas denkt er sich jetzt wieder aus\u201c, denkt Herr Hoffmann. Herr \u00c4rmel ist im B\u00fcdchen f\u00fcr seine Geschichten bekannt.<\/p>\n\n\n\n<p>\u201eWenn die Kunst da drau\u00dfen vor allem die Aufgabe hat, um miteinander ins Gespr\u00e4ch zu kommen. Wenn die Kunst nur ein netter Treffpunkt ist, dann ist das sicherlich eine gute Sache, und das da drau\u00dfen ein gutgemeinter Ort, aber Kunst&#8230; (<em>Kunstpause<\/em>) Kunst ist das dann noch lange nicht, Herr Hoffmann\u201c, regt sich Herr \u00c4rmel auf. Er schwitzt leicht auf der Stirn und wenn man genau hinschaut, sieht man sogar einen kleinen Schwitzefleck unter Herr \u00c4rmels Achseln.<\/p>\n\n\n\n<p>Ja, sein hellblaues Hemd changiert sogar leicht ins dunkelblaue. Unter den Achseln.<\/p>\n\n\n\n<p>Herr Hoffmann muss grinsen: \u201e\u00c4rmels Achseln. Achsel \u00c4rmel. Zwei \u00c4rmel, zwei Achsen\u201c<\/p>\n\n\n\n<p>\u201eAch lustig, des \u00c4rmels Achsel\u201c, denkt Herr Hoffmann und kann gar nicht anders, als kurz auflachen.<\/p>\n\n\n\n<p>\u201eHerr Hoffmann?\u201c<\/p>\n\n\n\n<p>\u201eHerr \u00c4rmel?\u201c<\/p>\n\n\n\n<p>\u201eHerr Hoffmann, h\u00f6ren sie mir \u00fcberhaupt zu?\u201c, fragt Herr \u00c4rmel.<\/p>\n\n\n\n<p>Lukas und Paket Paul, die nat\u00fcrlich auch beide wieder im Kiosk rumstehen, grinsen ebenfalls. Beide ahnen, dass der Herr des Kiosk gerade mit seinen Gedanken ganz woanders war.<\/p>\n\n\n\n<p>Herr \u00c4rmel guckt hoch zu Lukas, Paket Paul und dann zu Herrn Hoffmann.<\/p>\n\n\n\n<p>Herr \u00c4rmel kann dar\u00fcber gar nicht lachen.<\/p>\n\n\n\n<p>\u201eHerr Hoffmann, ich habe mich sehr in ihnen get\u00e4uscht\u201c, sagt er ernst. Dann schnappt er sich seinen Lottoschein und geht ohne ein weitere Wort. Lukas, der die Situation nicht gleich durchschaut, ruft ihm noch ein \u201eTsch\u00fc\u00df, Herr \u00c4rmel\u201c hinterher und ahnt nicht, dass er es dadurch eher schlimmer macht.<\/p>\n\n\n\n<p>Herr Hoffmann steht hinter seiner Theke. \u201eAutsch\u201c, denkt er.<\/p>\n\n\n\n<p>\u201eAutsch\u201c, sagt auch Paket Paul, packt seine kleine Tasche und die Pakete und geht. Er muss heute noch viele Pakete abliefern. Lukas verabschiedet sich ebenfalls, er muss heute noch Lukas sein und nichts machen.<\/p>\n\n\n\n<p>Und so steht der B\u00fcdchen Betreiber pl\u00f6tzlich alleine mit seinen Gedanken im Kiosk und kann sich viele Gedanken machen, wie er sich bei Herrn \u00c4rmel entschuldigen kann.<\/p>\n\n\n\n<p>Herr Hoffmann steht hinter seiner Theke. Er macht sich Gedanken. Viele Gedanken.<\/p>\n","protected":false},"excerpt":{"rendered":"<p>Herr Hoffmann steht hinter seiner Theke. Vor der Theke brodelt es &#8211; nicht viel, aber genug f\u00fcr den kleinen Kiosk. \u201eHerr Hoffmann! Und die Kunst?\u201c, sagt Herr \u00c4rmel erregt. \u201eWas denkt er sich jetzt wieder aus\u201c, denkt Herr Hoffmann. Herr \u00c4rmel ist im B\u00fcdchen f\u00fcr seine Geschichten bekannt. \u201eWenn die Kunst da drau\u00dfen vor allem [&hellip;]<\/p>\n","protected":false},"author":1,"featured_media":0,"comment_status":"open","ping_status":"open","sticky":false,"template":"","format":"standard","meta":{"footnotes":""},"categories":[1,19],"tags":[],"class_list":["post-1290","post","type-post","status-publish","format-standard","hentry","category-allgemein","category-hoffmanns-buedchen"],"_links":{"self":[{"href":"http:\/\/ruhmundelend.de\/Blog\/wp-json\/wp\/v2\/posts\/1290"}],"collection":[{"href":"http:\/\/ruhmundelend.de\/Blog\/wp-json\/wp\/v2\/posts"}],"about":[{"href":"http:\/\/ruhmundelend.de\/Blog\/wp-json\/wp\/v2\/types\/post"}],"author":[{"embeddable":true,"href":"http:\/\/ruhmundelend.de\/Blog\/wp-json\/wp\/v2\/users\/1"}],"replies":[{"embeddable":true,"href":"http:\/\/ruhmundelend.de\/Blog\/wp-json\/wp\/v2\/comments?post=1290"}],"version-history":[{"count":1,"href":"http:\/\/ruhmundelend.de\/Blog\/wp-json\/wp\/v2\/posts\/1290\/revisions"}],"predecessor-version":[{"id":1291,"href":"http:\/\/ruhmundelend.de\/Blog\/wp-json\/wp\/v2\/posts\/1290\/revisions\/1291"}],"wp:attachment":[{"href":"http:\/\/ruhmundelend.de\/Blog\/wp-json\/wp\/v2\/media?parent=1290"}],"wp:term":[{"taxonomy":"category","embeddable":true,"href":"http:\/\/ruhmundelend.de\/Blog\/wp-json\/wp\/v2\/categories?post=1290"},{"taxonomy":"post_tag","embeddable":true,"href":"http:\/\/ruhmundelend.de\/Blog\/wp-json\/wp\/v2\/tags?post=1290"}],"curies":[{"name":"wp","href":"https:\/\/api.w.org\/{rel}","templated":true}]}}