{"id":127,"date":"2017-02-05T13:46:23","date_gmt":"2017-02-05T12:46:23","guid":{"rendered":"http:\/\/ruhmundelend.de\/Blog\/?p=127"},"modified":"2017-04-12T17:31:10","modified_gmt":"2017-04-12T15:31:10","slug":"127","status":"publish","type":"post","link":"http:\/\/ruhmundelend.de\/Blog\/2017\/02\/05\/127\/","title":{"rendered":"H\u00fcpfburgen der Literatur"},"content":{"rendered":"<p><img loading=\"lazy\" decoding=\"async\" class=\"size-medium wp-image-75 alignleft\" src=\"http:\/\/ruhmundelend.de\/Blog\/wp-content\/uploads\/2017\/01\/IMG_0065-Kopie-300x300.jpg\" alt=\"\" width=\"300\" height=\"300\" srcset=\"http:\/\/ruhmundelend.de\/Blog\/wp-content\/uploads\/2017\/01\/IMG_0065-Kopie-300x300.jpg 300w, http:\/\/ruhmundelend.de\/Blog\/wp-content\/uploads\/2017\/01\/IMG_0065-Kopie-150x150.jpg 150w, http:\/\/ruhmundelend.de\/Blog\/wp-content\/uploads\/2017\/01\/IMG_0065-Kopie-100x100.jpg 100w, http:\/\/ruhmundelend.de\/Blog\/wp-content\/uploads\/2017\/01\/IMG_0065-Kopie.jpg 640w\" sizes=\"(max-width: 300px) 100vw, 300px\" \/>Letztens traf ich mich mit den Dinosauriern der M\u00fcnsteraner Literatur, um \u00fcber das Kulturprogramm zum Katholikentag 2018 zu sprechen. 2018 ist das christliche Megaevent in M\u00fcnster zu Hause und man schrieb uns (die Literaturszene) \u00a0an, damit wir ein Literaturprogramm f\u00fcr die Tage aufstellen.<\/p>\n<p>Wir unterhielten uns \u00fcber das Programm 2017 in Leipzig, wo der letzte Katholikentag stattfand. . Neben ein paar Lesungen gab es im S\u00e4chsischen nat\u00fcrlich auch wieder einen Poetry Slam, der junges Publikum f\u00fcr den Katholikentag gewinnen sollte. Poetry Slams sind Offene B\u00fchnen, Dichterschlachten, \u00a0auf denen wirklich \u00a0jeder seine Geschichten vorlesen darf, der sich berufen f\u00fchlt. Eine Publikumsjury entscheidet am Ende, welcher Text am Besten war. Der Sieger kriegt eine Flasche Schnaps.<\/p>\n<p>Einer der M\u00fcnsteraner Literaturmusketiere betonte spitz, dass in Leipzig also auch wieder die H\u00fcpfburg der Literatur seinen Platz hatte. Er meinte den Poetry Slam.<\/p>\n<p>Eine\u00a0H\u00fcpfburg,\u00a0Springburg\u00a0oder\u00a0Luftburg\u00a0ist ein Gebilde aus luftdichtem Gewebe, das mit Hilfe eines\u00a0Radialgebl\u00e4ses\u00a0aufgeblasen werden kann. Es gibt die verschiedensten Formen, Farben und Gr\u00f6\u00dfen.<\/p>\n<p>Meist findet man H\u00fcpfburgen auf Festen oder Veranstaltungen. Mittlerweile gibt es ganze H\u00fcpfburgenparks, in denen\u00a0Kinder\u00a0sich austoben k\u00f6nnen.<\/p>\n<p>H\u00fcpfburgen helfen den Eltern ihre Kinder zu unterhalten. Die \u00a0Erziehungsberechtigten k\u00f6nnen die freie Zeit nutzen, um sich wichtigen Themen zu widmen oder um am Bierwagen zu stehen.<\/p>\n<p>H\u00fcpfburgen der Literatur, also Poetry Slams, werden von der Literaturfamilie nicht richtig ernst genommen. Die gro\u00dfen Themen der Zeit werden abseits der H\u00fcpfburg verhandelt. Die Kinder\u00a0sollen sich ein wenig auf dem Gel\u00e4nde austoben, w\u00e4hrend die Gro\u00dfen sich in Ruhe den wirklich wichtigen Themen widmen.<\/p>\n<p>Da ich Betreiber verschiedener H\u00fcpfburgen bin, f\u00fchlte ich mir\u00a0zuerst, auf die F\u00fc\u00dfe getreten. Aber Kinder sind unsere Zukunft und oft sind die H\u00fcpfburgen tats\u00e4chich spannender als die Bierwagen.<\/p>\n","protected":false},"excerpt":{"rendered":"<p>Letztens traf ich mich mit den Dinosauriern der M\u00fcnsteraner Literatur, um \u00fcber das Kulturprogramm zum Katholikentag 2018 zu sprechen. 2018 ist das christliche Megaevent in M\u00fcnster zu Hause und man schrieb uns (die Literaturszene) \u00a0an, damit wir ein Literaturprogramm f\u00fcr die Tage aufstellen. Wir unterhielten uns \u00fcber das Programm 2017 in Leipzig, wo der letzte [&hellip;]<\/p>\n","protected":false},"author":1,"featured_media":0,"comment_status":"open","ping_status":"open","sticky":false,"template":"","format":"standard","meta":{"footnotes":""},"categories":[1,8],"tags":[],"class_list":["post-127","post","type-post","status-publish","format-standard","hentry","category-allgemein","category-poetry-slam"],"_links":{"self":[{"href":"http:\/\/ruhmundelend.de\/Blog\/wp-json\/wp\/v2\/posts\/127"}],"collection":[{"href":"http:\/\/ruhmundelend.de\/Blog\/wp-json\/wp\/v2\/posts"}],"about":[{"href":"http:\/\/ruhmundelend.de\/Blog\/wp-json\/wp\/v2\/types\/post"}],"author":[{"embeddable":true,"href":"http:\/\/ruhmundelend.de\/Blog\/wp-json\/wp\/v2\/users\/1"}],"replies":[{"embeddable":true,"href":"http:\/\/ruhmundelend.de\/Blog\/wp-json\/wp\/v2\/comments?post=127"}],"version-history":[{"count":5,"href":"http:\/\/ruhmundelend.de\/Blog\/wp-json\/wp\/v2\/posts\/127\/revisions"}],"predecessor-version":[{"id":162,"href":"http:\/\/ruhmundelend.de\/Blog\/wp-json\/wp\/v2\/posts\/127\/revisions\/162"}],"wp:attachment":[{"href":"http:\/\/ruhmundelend.de\/Blog\/wp-json\/wp\/v2\/media?parent=127"}],"wp:term":[{"taxonomy":"category","embeddable":true,"href":"http:\/\/ruhmundelend.de\/Blog\/wp-json\/wp\/v2\/categories?post=127"},{"taxonomy":"post_tag","embeddable":true,"href":"http:\/\/ruhmundelend.de\/Blog\/wp-json\/wp\/v2\/tags?post=127"}],"curies":[{"name":"wp","href":"https:\/\/api.w.org\/{rel}","templated":true}]}}