{"id":1269,"date":"2021-08-26T15:53:52","date_gmt":"2021-08-26T13:53:52","guid":{"rendered":"http:\/\/ruhmundelend.de\/Blog\/?p=1269"},"modified":"2021-09-15T15:00:35","modified_gmt":"2021-09-15T13:00:35","slug":"hoffmanns-buedchen-41-denkerstuebchen","status":"publish","type":"post","link":"http:\/\/ruhmundelend.de\/Blog\/2021\/08\/26\/hoffmanns-buedchen-41-denkerstuebchen\/","title":{"rendered":"Hoffmanns B\u00fcdchen (41) &#8211; Denkerst\u00fcbchen mit Hannah Arendt Zeugs"},"content":{"rendered":"\n<p>\u201e<em>Ein merkliches Abnehmen des gesunden Menschenverstands und ein merkliches Zunehmen von Aberglauben und Leichtgl\u00e4ubigkeit deuten daher immer darauf hin, dass die Gemeinsamkeit der Welt innerhalb einer bestimmten Menschengruppe abbr\u00f6ckelt, dass der Wirklichkeitssinn gest\u00f6rt ist, mit dem wir uns in der Welt orientieren, und dass daher die Menschen sich der Welt entfremden und begonnen haben, sich auf ihre Subjektivit\u00e4t zur\u00fcckzuziehen.\u201c (Hannah Arendt, Vita activa, S. 265)<\/em><\/p>\n\n\n\n<p>Herr Hoffmann steht hinter seiner Theke und sortiert Briefmarken. Schon l\u00e4nger ist sein Kiosk auch Poststelle, was Herrn Hoffmann das Recht gibt, Briefmarken zu verkaufen und Pakete annehmen. Paket Paul, Stammkunden und sowas wie ein Freund, holt dann im Laufe des Tages die Pakete ab. Paket Paul hat auch erst daf\u00fcr gesorgt, dass das B\u00fcdchen Poststelle wird. \u201eDa kannst du noch eine Mark extra machen, Herr Hoffmann\u201c, erkl\u00e4rte ihm damals Paket Paul.<\/p>\n\n\n\n<p>Vor der Theke steht Herr \u00c4rmel und redet mit H\u00e4nden und F\u00fc\u00dfen auf den Kiosk Betreiber ein. Fr\u00fcher kam Herr \u00c4rmel immer donnerstags zum Lottospielen, aber mittlerweile steht auch Herr \u00c4rmel wenigstes einmal pro Tag im B\u00fcdchen, um zu quatschen. Gerade regt sich Herr \u00c4rmel \u00fcber die Wahlen im September auf. Er wei\u00df nicht mehr, was er w\u00e4hlen soll, sagt er. Das erste Mal ist er wirklich ratlos.<\/p>\n\n\n\n<p>\u201eIch f\u00fchle mich ohnm\u00e4chtig. Es gibt auch keinen Raum mehr, wo man miteinander redet, diskutiert, zusammen handelt. Eine echte \u00d6ffentlichkeit. Nat\u00fcrlich informiere ich mich, aber es gibt kein Austausch, Herr Hoffmann.\u201c<\/p>\n\n\n\n<p>\u201eDas Internet?\u201c, schl\u00e4gt Herr Hoffmann vor. \u201eIst das Internet kein Raum, wo man sich einmischen kann? Das wurde doch immer gesagt.\u201c<\/p>\n\n\n\n<p>Herr \u00c4rmel verzieht das Gesicht. \u201eDas Internet?\u201c Er lacht. \u201eIm Internet kriegst du das zu h\u00f6ren, was du h\u00f6ren willst. Wenn man sich f\u00fcr die Monarchie ausspricht oder f\u00fcr Sex mit Tieren, bieten dir die Algos Monarchie oder Sex mit Tieren an.\u201c<\/p>\n\n\n\n<p>\u201eAlgos?\u201c<\/p>\n\n\n\n<p>\u201eAlso, Herr Hoffmann, wirklich?\u201c Herr \u00c4rmel guckt belustigt. \u201eAlgos sind Algorithmen. Aber ich rede von echter \u00d6ffentlichkeit und von Gemeinsinn. Ich habe das Gef\u00fchl, dass die letzten Monate den letzten Funken Gemeinsinn kaputt gemacht haben.\u201c<\/p>\n\n\n\n<p>Herr Hoffmann schiebt die Briefmarkenb\u00f6gen, 80 Cent Marken mit 250 Jahre Ludwig van Beethoven, zur Seite. Er hatte eigentlich das Gef\u00fchl, dass gerade momentan viel \u00fcber Solidarit\u00e4t und Gemeinsinn in den Zeitungen geschrieben wird. Erst gerade gab es noch eine gro\u00dfe Flutkatastrophe und viele Menschen haben gespendet und geholfen.<\/p>\n\n\n\n<p>\u201eJa, weil sich die Menschen gut f\u00fchlen, wenn sie helfen, Aber das hat doch nichts mit Gemeinsinn zu tun. Das ist Mitleid,\u201c verbessert Herr \u00c4rmel. \u201eGemeinsinn, zusammenkommen und zusammen handeln, hei\u00dft doch nicht, dass man abends zusammen einen Trinken geht oder ins Kino. Wir sind doch mehr als kluge Ameisen, die nach getaner Arbeit, ihre Kr\u00e4fte beim Essen, auf dem Sofa oder beim Feiern wieder sammeln, um am n\u00e4chsten Tag weiter zu schuften. Wirklich-sein ist nicht das Gleiche wie Lebendig-sein, Herr Hoffmann.\u201c<\/p>\n\n\n\n<p>\u201eWirklich-sein?\u201c, fragt Herr Hoffmann.<\/p>\n\n\n\n<p>\u201eWirklich-sein hei\u00dft zu wirken, Spuren zu hinterlassen. Wenn du nur zu Hause rumsitzt, kannst du noch so klasse Ideen oder Gedanken haben, du wirst nichts hinterlassen, keine Geschichte. Hinter deiner Wohnungst\u00fcr sieht dich keiner.\u201c<\/p>\n\n\n\n<p>\u201eDas ist Hannah Arendt -Zeugs, oder?\u201c, fragt Herr Hoffmann vorsichtig.<\/p>\n\n\n\n<p>Herr \u00c4rmel nickt. \u201eJa, gut geraten Herr Hoffmann. Aber vor allem ist es richtig. Wir brauchen wieder einen \u00f6ffentlichen Raum, wo wir zusammenkommen und miteinander reden, und ich rede nicht von Geschwafel, sondern wirklich miteinander reden. Zum Beispiel \u00fcber die n\u00e4chsten Wahlen und den Zustand unserer Demokratie.\u201c<\/p>\n\n\n\n<p>Herr Hoffmann guckt auf die immer gleichen Briefmarken. Herr \u00c4rmel hat sicher Recht mit seiner Kritik, aber auch der Kiosk Betreiber ist kein gro\u00dfer Redner. Meistens l\u00e4sst er die anderen reden und h\u00f6rt lieber zu.<\/p>\n\n\n\n<p>\u201eHerr Hoffmann, ich wei\u00df, was du gerade denkst. Bei dem meisten Unsinn h\u00f6re ich auch weg. Zum gro\u00dfen Teil labern die Menschen nur, und daran muss ich mich auch nicht beteiligen.\u201c<\/p>\n\n\n\n<p>Herr Hoffmann will noch einmal in Ruhe \u00fcber Herrn \u00c4rmels Worte nachdenken. Au\u00dferhalb der \u00d6ffentlichkeit hinterl\u00e4sst man nichts. Hinter den eigenen vier W\u00e4nden bleiben die Worte und Taten ohne Folgen. Es bleiben keine Geschichten zur\u00fcck. Aber bleiben sie in der \u00d6ffentlichkeit zur\u00fcck? Werden die Taten, die Reden des Einzelnen in der \u00d6ffentlichkeit unsterblich? Ist der \u00f6ffentliche Raum immer noch der Ort, der Unsterblichkeit produziert? Was hei\u00dft das \u00fcberhaupt: Unsterblichkeit? \u00d6ffentlichkeit? Geschichte?<\/p>\n\n\n\n<p>Es dreht sich wieder alles in Herrn Hoffmanns K\u00f6pfchen, in seinem Denkerst\u00fcbchen. Er mag das Gef\u00fchl. Und vielleicht sollte er auch noch mal die Arendt lesen. Sie hat viel Spannendes vor f\u00fcnfzig Jahren niedergeschrieben und gerne w\u00fcrde er sich mit Herrn \u00c4rmel weiter \u00fcber Hannah Arendts Theorien austauschen. Leider geht genau in diesem Moment das T\u00fcrgl\u00f6ckchen und Herr Hoffmann muss sich wieder seiner Notwendigkeit, seiner Arbeit widmen.<\/p>\n","protected":false},"excerpt":{"rendered":"<p>\u201eEin merkliches Abnehmen des gesunden Menschenverstands und ein merkliches Zunehmen von Aberglauben und Leichtgl\u00e4ubigkeit deuten daher immer darauf hin, dass die Gemeinsamkeit der Welt innerhalb einer bestimmten Menschengruppe abbr\u00f6ckelt, dass der Wirklichkeitssinn gest\u00f6rt ist, mit dem wir uns in der Welt orientieren, und dass daher die Menschen sich der Welt entfremden und begonnen haben, sich [&hellip;]<\/p>\n","protected":false},"author":1,"featured_media":0,"comment_status":"open","ping_status":"open","sticky":false,"template":"","format":"standard","meta":{"footnotes":""},"categories":[1,19],"tags":[],"class_list":["post-1269","post","type-post","status-publish","format-standard","hentry","category-allgemein","category-hoffmanns-buedchen"],"_links":{"self":[{"href":"http:\/\/ruhmundelend.de\/Blog\/wp-json\/wp\/v2\/posts\/1269"}],"collection":[{"href":"http:\/\/ruhmundelend.de\/Blog\/wp-json\/wp\/v2\/posts"}],"about":[{"href":"http:\/\/ruhmundelend.de\/Blog\/wp-json\/wp\/v2\/types\/post"}],"author":[{"embeddable":true,"href":"http:\/\/ruhmundelend.de\/Blog\/wp-json\/wp\/v2\/users\/1"}],"replies":[{"embeddable":true,"href":"http:\/\/ruhmundelend.de\/Blog\/wp-json\/wp\/v2\/comments?post=1269"}],"version-history":[{"count":2,"href":"http:\/\/ruhmundelend.de\/Blog\/wp-json\/wp\/v2\/posts\/1269\/revisions"}],"predecessor-version":[{"id":1272,"href":"http:\/\/ruhmundelend.de\/Blog\/wp-json\/wp\/v2\/posts\/1269\/revisions\/1272"}],"wp:attachment":[{"href":"http:\/\/ruhmundelend.de\/Blog\/wp-json\/wp\/v2\/media?parent=1269"}],"wp:term":[{"taxonomy":"category","embeddable":true,"href":"http:\/\/ruhmundelend.de\/Blog\/wp-json\/wp\/v2\/categories?post=1269"},{"taxonomy":"post_tag","embeddable":true,"href":"http:\/\/ruhmundelend.de\/Blog\/wp-json\/wp\/v2\/tags?post=1269"}],"curies":[{"name":"wp","href":"https:\/\/api.w.org\/{rel}","templated":true}]}}