{"id":1267,"date":"2021-08-26T15:53:03","date_gmt":"2021-08-26T13:53:03","guid":{"rendered":"http:\/\/ruhmundelend.de\/Blog\/?p=1267"},"modified":"2021-09-15T15:00:45","modified_gmt":"2021-09-15T13:00:45","slug":"hoffmanns-buedchen-40-denkerstuebchen","status":"publish","type":"post","link":"http:\/\/ruhmundelend.de\/Blog\/2021\/08\/26\/hoffmanns-buedchen-40-denkerstuebchen\/","title":{"rendered":"Hoffmanns B\u00fcdchen (40) &#8211; Denkerst\u00fcbchen"},"content":{"rendered":"\n<p>Herr Hoffmann steht hinter seiner Theke. Lukas, Herr \u00c4rmel und Paket Paul sind im Kiosk und es wird angeregt diskutiert. Student Lukas erz\u00e4hlt gerade eine Geschichte, die ihm auf dem Weg passiert ist.<\/p>\n\n\n\n<p>\u201e&#8230; dann stehen dort diese dicken Karren und alle lassen ohne Grund den Motor laufen. Ich denke noch: Was sind das f\u00fcr Idioten? Da biegt pl\u00f6tzlich ein Elektro Biker nat\u00fcrlich mit Helm und Warnweste um die Ecke und kackt die Fahrer an. \u201eEy, macht mal den Motor aus. Idioten. Denkt ihr auch mal nach?\u201c, schrie der. Und als die nicht h\u00f6ren, f\u00e4hrt er genervt weiter, aber nicht ohne noch einmal \u201eSchei\u00df T\u00fcrken\u201c zu br\u00fcllen, was nat\u00fcrlich gar nicht geht, also das \u201eSchei\u00df T\u00fcrken\u201c-Br\u00fcllen. Jedenfalls kriegen das auch zwei M\u00e4dchen, vielleicht Anfang Zwanzig, bi\u00dfchen alternativer, mit. Und was machen die?\u201c<\/p>\n\n\n\n<p>Lukas guckt zwischen Herrn Hoffmann, Herrn \u00c4rmel und Paket Paul hin und her, als ob die drei w\u00fcssten, was die M\u00e4dchen gemacht haben.<\/p>\n\n\n\n<p>\u201eErz\u00e4hl schon\u201c, dr\u00e4ngelt Paket Paul mit Blick auf die Uhr. Drau\u00dfen erwartet den Paket Boten noch ein ganzer Wagen Pakete. Paket Paul zieht der vielen Arbeit wegen die Luft ein. Er hat es wirklich nicht leicht. Lukas erz\u00e4hlt weiter.<\/p>\n\n\n\n<p>\u201eDie beschimpfen den alten wei\u00dfen Mann lautstark als Nazi . Und was macht dieser rechte Sack?\u201c Lukas legt eine Kunstpause ein. \u201eDer zieht nicht Leine. Ne, der zeigt ihnen auch noch einen Vogel.\u201c Lukas zeigt allen einen Vogel, um zu veranschaulichen, wie \u201eVogel zeigen\u201c geht.<\/p>\n\n\n\n<p>\u201eAber dann die Ladys: Die schubsen den Sack vom Rad und &#8211; so schnell konnte ich gar nicht schauen &#8211; pr\u00fcgeln ihn gr\u00fcn und blau. Sp\u00e4ter erz\u00e4hlen sie \u201eDemoerfahrung Schwarzer Block\u201c.<\/p>\n\n\n\n<p>Lukas guckt hoch. Er hat seine Geschichte beendet. \u201eSoll das witzig sein?\u201c, fragt Paket Paul.<\/p>\n\n\n\n<p>\u201eNein.\u201c Lukas sch\u00fcttelt den Kopf. \u201eEher nicht.\u201c<\/p>\n\n\n\n<p>Herr \u00c4rmel fragt, ob Lukas die Polizei gerufen hat.<\/p>\n\n\n\n<p>\u201eNein. Nat\u00fcrlich nicht.\u201c Lukas lacht. Es kommt ihm absurd vor, die Polizei zu rufen.<\/p>\n\n\n\n<p>\u201eWaren das denn \u201eSchei\u00df T\u00fcrken?\u201c, m\u00f6chte Paket Paul noch wissen.<\/p>\n\n\n\n<p>\u201eOb das \u201eSchei\u00df T\u00fcrken\u201c waren?\u201c<\/p>\n\n\n\n<p>\u201e Ja.\u201c<\/p>\n\n\n\n<p>\u201eWei\u00df nicht. Also man beschimpft doch nicht einfach Leute als \u201eSchei\u00df T\u00fcrken\u201c. Dieser Alte hat ja \u201eSchei\u00df T\u00fcrke\u201c gesagt, weil er die beleidigen wollte. Er hat doch damit gesagt: Klar sind das wieder die T\u00fcrken, die den Motor laufen lassen.\u201c<\/p>\n\n\n\n<p>\u201eUnd daf\u00fcr wurde er verpr\u00fcgelt?\u201c, fragt Herr \u00c4rmel skeptisch.<\/p>\n\n\n\n<p>\u201eJa.\u201c<\/p>\n\n\n\n<p>\u201eSchei\u00df Deutsche\u201c, mischt sich Herr Hoffmann ein.<\/p>\n\n\n\n<p>\u201eSchei\u00df Deutsche\u201c, wiederholen die anderen.<\/p>\n\n\n\n<p>\u201eAber Motor laufen lassen ist auch schei\u00dfe. Ob T\u00fcrke oder Deutscher\u201c, sagt Lukas.<\/p>\n\n\n\n<p>\u201eWaren es denn T\u00fcrken?\u201c, m\u00f6chte Paket Paul wissen.<\/p>\n\n\n\n<p>\u201eWestf\u00e4lische Jungb\u00e4uerinnen.\u201c<\/p>\n\n\n\n<p>\u201eWas?\u201c Paket Paul guckt erstaunt.<\/p>\n\n\n\n<p>Lukas grinst.<\/p>\n\n\n\n<p>Alle grinsen.<\/p>\n\n\n\n<p>Dann geht das T\u00fcrgl\u00f6ckchen. Dr\u00fcben an der Schule ist Pause. Die n\u00e4chste halbe Stunde hat Herr Hoffmann zu tun und seine Stammkunden m\u00fcssen sich woanders rumtreiben.<\/p>\n","protected":false},"excerpt":{"rendered":"<p>Herr Hoffmann steht hinter seiner Theke. Lukas, Herr \u00c4rmel und Paket Paul sind im Kiosk und es wird angeregt diskutiert. Student Lukas erz\u00e4hlt gerade eine Geschichte, die ihm auf dem Weg passiert ist. \u201e&#8230; dann stehen dort diese dicken Karren und alle lassen ohne Grund den Motor laufen. Ich denke noch: Was sind das f\u00fcr [&hellip;]<\/p>\n","protected":false},"author":1,"featured_media":0,"comment_status":"open","ping_status":"open","sticky":false,"template":"","format":"standard","meta":{"footnotes":""},"categories":[1,19],"tags":[],"class_list":["post-1267","post","type-post","status-publish","format-standard","hentry","category-allgemein","category-hoffmanns-buedchen"],"_links":{"self":[{"href":"http:\/\/ruhmundelend.de\/Blog\/wp-json\/wp\/v2\/posts\/1267"}],"collection":[{"href":"http:\/\/ruhmundelend.de\/Blog\/wp-json\/wp\/v2\/posts"}],"about":[{"href":"http:\/\/ruhmundelend.de\/Blog\/wp-json\/wp\/v2\/types\/post"}],"author":[{"embeddable":true,"href":"http:\/\/ruhmundelend.de\/Blog\/wp-json\/wp\/v2\/users\/1"}],"replies":[{"embeddable":true,"href":"http:\/\/ruhmundelend.de\/Blog\/wp-json\/wp\/v2\/comments?post=1267"}],"version-history":[{"count":1,"href":"http:\/\/ruhmundelend.de\/Blog\/wp-json\/wp\/v2\/posts\/1267\/revisions"}],"predecessor-version":[{"id":1268,"href":"http:\/\/ruhmundelend.de\/Blog\/wp-json\/wp\/v2\/posts\/1267\/revisions\/1268"}],"wp:attachment":[{"href":"http:\/\/ruhmundelend.de\/Blog\/wp-json\/wp\/v2\/media?parent=1267"}],"wp:term":[{"taxonomy":"category","embeddable":true,"href":"http:\/\/ruhmundelend.de\/Blog\/wp-json\/wp\/v2\/categories?post=1267"},{"taxonomy":"post_tag","embeddable":true,"href":"http:\/\/ruhmundelend.de\/Blog\/wp-json\/wp\/v2\/tags?post=1267"}],"curies":[{"name":"wp","href":"https:\/\/api.w.org\/{rel}","templated":true}]}}