{"id":120,"date":"2017-02-05T03:34:10","date_gmt":"2017-02-05T02:34:10","guid":{"rendered":"http:\/\/ruhmundelend.de\/Blog\/?p=120"},"modified":"2017-02-07T18:08:22","modified_gmt":"2017-02-07T17:08:22","slug":"sprachpolizei","status":"publish","type":"post","link":"http:\/\/ruhmundelend.de\/Blog\/2017\/02\/05\/sprachpolizei\/","title":{"rendered":"Sprachpolizei"},"content":{"rendered":"<p><img loading=\"lazy\" decoding=\"async\" class=\"size-medium wp-image-73 alignleft\" src=\"http:\/\/ruhmundelend.de\/Blog\/wp-content\/uploads\/2017\/01\/IMG_0068-Kopie-300x300.jpg\" alt=\"\" width=\"300\" height=\"300\" srcset=\"http:\/\/ruhmundelend.de\/Blog\/wp-content\/uploads\/2017\/01\/IMG_0068-Kopie-300x300.jpg 300w, http:\/\/ruhmundelend.de\/Blog\/wp-content\/uploads\/2017\/01\/IMG_0068-Kopie-150x150.jpg 150w, http:\/\/ruhmundelend.de\/Blog\/wp-content\/uploads\/2017\/01\/IMG_0068-Kopie-100x100.jpg 100w, http:\/\/ruhmundelend.de\/Blog\/wp-content\/uploads\/2017\/01\/IMG_0068-Kopie.jpg 640w\" sizes=\"(max-width: 300px) 100vw, 300px\" \/>Drafi Deutscher starb 2006. Sein bekannster Song hie\u00df \u00a0&#8220;Mamor, Stein und Eisen bricht.&#8221; &#8220;Es muss &#8216;brechen&#8217; hei\u00dfen&#8221;, sagen Sprachpuristen. &#8220;Poesie darf alles&#8221; , antwortet man ihnen mit einem milden L\u00e4cheln. \u00a0&#8220;Du hast Probleme&#8221;, sagt der kleine Mann. &#8220;Komm, geh beten!&#8221;, r\u00e4t er den Besserwissern\u00a0flapsig.<\/p>\n<p>Gut, beten wir. Nur was ist richtig: \u00a0&#8220;Denn Dein ist das Reich und die Kraft und Herrlichkeit in Ewigkeit. Amen&#8221; oder &#8220;Denn Dein sind\u00a0das Reich und die Kraft und Herrlichkeit in Ewigkeit. Amen?&#8221; Das am weitesten verbreitete Gebet des Christentums hat einen dicken grammatikalischen Schnitzer. Wirkt ein Gebet denn \u00fcberhaupt noch, wenn man es falsch schreibt und betet? Eine Zauberformel muss richtig aufgesagt werden, sonst passiert gar nichts.<\/p>\n<p>So hilft &#8220;Abrakadabra&#8221; nachweislich\u00a0gegen\u00a0Malaria. Aber man nicht einfach &#8220;Aberlaberbra&#8221; statt &#8220;Abrakadabra&#8221; sagen. &#8220;Aberlaberbra&#8221; hilft gegen nichts.<\/p>\n<p>Diverse \u00c4mter stellen ihre Informationen heute\u00a0in &#8220;Leichter Sprache&#8221; zur Verf\u00fcgung. Anfangs f\u00fcr Lernbehinderte und Migranten gedacht, sind die Infos in &#8220;Leichter Sprache&#8221; mittlweile die Regel. Leichte Sprache f\u00fcr jedermann: Keine Fremdw\u00f6rter, keine Abk\u00fcrzungen, kein Genetiv, keine Nebens\u00e4tze. &#8220;Wir brauchen keine \u00a0Sprachpolizei. Wir brauchen ein Deutsch, das alle verstehen&#8221;, sagt die Politik, die sich unverstanden f\u00fchlt. \u00a0Und so ein paar Fehler bei der Grammatik oder der Rechtschreibung? Einzahl oder Mehrzahl, wir\u00a0sagen, uns doch egal.<\/p>\n<p><i>Ulimantulus Irrichmich. Uli d<\/i>er Fehlerteufel ist tot. Sein Unwesen interessiert keinen mehr. Da hat er sich zur\u00fcckgezogen ins Fegefeuer. Uli\u00a0kann mich\u00a0mal, Rechtschreibung ist uns\u00a0doch\u00a0egal.<\/p>\n<p>Doch halt! Letztes bekam ich eine E-Mail und ich sagte:\u00a0&#8220;Uli ist zur\u00fcck.&#8221;. Der Absender wurde von Uli niedergeschlagen und seine Mail wurde auf sch\u00f6nste Weise verunstaltet. Uli schrieb: &#8221; Jop wir sidn shcon dran an bernard das w\u00e4re halt worstcase aber k\u00f6nnen usn emdlen wenn wir die zsuage haben.&#8221;<\/p>\n<p>Ich glaube, Uli ist im Fegefeuer auf Herrn Deutscher gesto\u00dfen, der ihm bis in alle Ewigkeit &#8220;Marmor, Stein und Eisen bricht&#8221; vorsang. Das war sogar Uli\u00a0zuviel, das ist er uns zur\u00fcckgekommen und hat sich an\u00a0Millionen von Emails und Tweeds zu schafffen gemacht.<\/p>\n<p>&nbsp;<\/p>\n","protected":false},"excerpt":{"rendered":"<p>Drafi Deutscher starb 2006. Sein bekannster Song hie\u00df \u00a0&#8220;Mamor, Stein und Eisen bricht.&#8221; &#8220;Es muss &#8216;brechen&#8217; hei\u00dfen&#8221;, sagen Sprachpuristen. &#8220;Poesie darf alles&#8221; , antwortet man ihnen mit einem milden L\u00e4cheln. \u00a0&#8220;Du hast Probleme&#8221;, sagt der kleine Mann. &#8220;Komm, geh beten!&#8221;, r\u00e4t er den Besserwissern\u00a0flapsig. Gut, beten wir. Nur was ist richtig: \u00a0&#8220;Denn Dein ist das [&hellip;]<\/p>\n","protected":false},"author":1,"featured_media":0,"comment_status":"open","ping_status":"open","sticky":false,"template":"","format":"standard","meta":{"footnotes":""},"categories":[1],"tags":[],"class_list":["post-120","post","type-post","status-publish","format-standard","hentry","category-allgemein"],"_links":{"self":[{"href":"http:\/\/ruhmundelend.de\/Blog\/wp-json\/wp\/v2\/posts\/120"}],"collection":[{"href":"http:\/\/ruhmundelend.de\/Blog\/wp-json\/wp\/v2\/posts"}],"about":[{"href":"http:\/\/ruhmundelend.de\/Blog\/wp-json\/wp\/v2\/types\/post"}],"author":[{"embeddable":true,"href":"http:\/\/ruhmundelend.de\/Blog\/wp-json\/wp\/v2\/users\/1"}],"replies":[{"embeddable":true,"href":"http:\/\/ruhmundelend.de\/Blog\/wp-json\/wp\/v2\/comments?post=120"}],"version-history":[{"count":7,"href":"http:\/\/ruhmundelend.de\/Blog\/wp-json\/wp\/v2\/posts\/120\/revisions"}],"predecessor-version":[{"id":161,"href":"http:\/\/ruhmundelend.de\/Blog\/wp-json\/wp\/v2\/posts\/120\/revisions\/161"}],"wp:attachment":[{"href":"http:\/\/ruhmundelend.de\/Blog\/wp-json\/wp\/v2\/media?parent=120"}],"wp:term":[{"taxonomy":"category","embeddable":true,"href":"http:\/\/ruhmundelend.de\/Blog\/wp-json\/wp\/v2\/categories?post=120"},{"taxonomy":"post_tag","embeddable":true,"href":"http:\/\/ruhmundelend.de\/Blog\/wp-json\/wp\/v2\/tags?post=120"}],"curies":[{"name":"wp","href":"https:\/\/api.w.org\/{rel}","templated":true}]}}