{"id":1142,"date":"2021-05-03T13:35:08","date_gmt":"2021-05-03T11:35:08","guid":{"rendered":"http:\/\/ruhmundelend.de\/Blog\/?p=1142"},"modified":"2021-10-08T15:13:31","modified_gmt":"2021-10-08T13:13:31","slug":"hoffmanns-buedchen-guck-mal-ein-lifestyle-linker","status":"publish","type":"post","link":"http:\/\/ruhmundelend.de\/Blog\/2021\/05\/03\/hoffmanns-buedchen-guck-mal-ein-lifestyle-linker\/","title":{"rendered":"Hoffmanns B\u00fcdchen (24)- Guck mal, ein Lifestyle-Linker"},"content":{"rendered":"\n<p>Herr Hoffmann steht hinter seiner Theke. Drau\u00dfen beginnt langsam der Fr\u00fchling. Die Sonne scheint, die Temperaturen steigen. \u201eDas gibt Hoffnung\u201c, fl\u00fcstert Herr Hoffmann und bl\u00e4ttert in den Nachrichtenmagazinen und Zeitungen die ihm jeden Tag geliefert werden. Heute schreiben sie gerade viel \u00fcber die Lifestyle-Linke. \u201eLifestyle-Linke?\u201c, \u00fcberlegt Herr Hoffmann. \u201eKenn ich nicht.\u201c \u201eWeiterlesen, Herr Hoffmann\u201c, fl\u00fcstert das Zeitungspapier. Fr\u00fcher hat man sie Hipster genannt oder Gr\u00fcne. Heute eben Lifestyle-Linke. \u201eHier\u201c, sagt das Feuilleton: \u201eEs geht um Sahra Wagenknechts neues Buch: Die Selbstgerechten.\u201c Die Zeitungen schreiben, die streitbare Politikerin schimpft \u00fcber die sogenannte Linke. Sie interessieren sich mehr f\u00fcr Identit\u00e4tspolitik als f\u00fcr soziale Gerechtigkeit, schreibt sie wohl in ihrem Buch. Das zerst\u00f6rt jedes Gemeinwesen, diese Minderheiten-F\u00f6rderung. Herr Hoffmann kratzt sich am Kopf. Er muss da mal dr\u00fcber nachdenken, denkt er. Doch bevor er zum richtigen Denken kommt, l\u00e4utet das T\u00fcrgl\u00f6ckchen und er muss sich erst mal um anders k\u00fcmmern.<\/p>\n","protected":false},"excerpt":{"rendered":"<p>Herr Hoffmann steht hinter seiner Theke. Drau\u00dfen beginnt langsam der Fr\u00fchling. Die Sonne scheint, die Temperaturen steigen. \u201eDas gibt Hoffnung\u201c, fl\u00fcstert Herr Hoffmann und bl\u00e4ttert in den Nachrichtenmagazinen und Zeitungen die ihm jeden Tag geliefert werden. Heute schreiben sie gerade viel \u00fcber die Lifestyle-Linke. \u201eLifestyle-Linke?\u201c, \u00fcberlegt Herr Hoffmann. \u201eKenn ich nicht.\u201c \u201eWeiterlesen, Herr Hoffmann\u201c, fl\u00fcstert [&hellip;]<\/p>\n","protected":false},"author":1,"featured_media":0,"comment_status":"open","ping_status":"open","sticky":false,"template":"","format":"standard","meta":{"footnotes":""},"categories":[1,19],"tags":[],"class_list":["post-1142","post","type-post","status-publish","format-standard","hentry","category-allgemein","category-hoffmanns-buedchen"],"_links":{"self":[{"href":"http:\/\/ruhmundelend.de\/Blog\/wp-json\/wp\/v2\/posts\/1142"}],"collection":[{"href":"http:\/\/ruhmundelend.de\/Blog\/wp-json\/wp\/v2\/posts"}],"about":[{"href":"http:\/\/ruhmundelend.de\/Blog\/wp-json\/wp\/v2\/types\/post"}],"author":[{"embeddable":true,"href":"http:\/\/ruhmundelend.de\/Blog\/wp-json\/wp\/v2\/users\/1"}],"replies":[{"embeddable":true,"href":"http:\/\/ruhmundelend.de\/Blog\/wp-json\/wp\/v2\/comments?post=1142"}],"version-history":[{"count":4,"href":"http:\/\/ruhmundelend.de\/Blog\/wp-json\/wp\/v2\/posts\/1142\/revisions"}],"predecessor-version":[{"id":1146,"href":"http:\/\/ruhmundelend.de\/Blog\/wp-json\/wp\/v2\/posts\/1142\/revisions\/1146"}],"wp:attachment":[{"href":"http:\/\/ruhmundelend.de\/Blog\/wp-json\/wp\/v2\/media?parent=1142"}],"wp:term":[{"taxonomy":"category","embeddable":true,"href":"http:\/\/ruhmundelend.de\/Blog\/wp-json\/wp\/v2\/categories?post=1142"},{"taxonomy":"post_tag","embeddable":true,"href":"http:\/\/ruhmundelend.de\/Blog\/wp-json\/wp\/v2\/tags?post=1142"}],"curies":[{"name":"wp","href":"https:\/\/api.w.org\/{rel}","templated":true}]}}