{"id":1130,"date":"2021-04-29T12:47:57","date_gmt":"2021-04-29T10:47:57","guid":{"rendered":"http:\/\/ruhmundelend.de\/Blog\/?p=1130"},"modified":"2021-10-08T15:13:41","modified_gmt":"2021-10-08T13:13:41","slug":"hoffmanns-buedchen-ueber-flockdown-und-rote-nasen","status":"publish","type":"post","link":"http:\/\/ruhmundelend.de\/Blog\/2021\/04\/29\/hoffmanns-buedchen-ueber-flockdown-und-rote-nasen\/","title":{"rendered":"Hoffmanns B\u00fcdchen (22) &#8211; \u00dcber Flockdown und Rote Nasen"},"content":{"rendered":"\n<p>Herr Hoffmann steht hinter seiner Theke. Es ist Februar. Rosenmontag. F\u00fcr Herrn Hoffmann ist Karneval einer der umsatzst\u00e4rksten Tage. Aber nicht in diesem Jahr. In diesem Jahr ist Corona und Schnee. Lockdown und Flockdown sagen sie im Radio. \u201eDie sind ja lustig\u201c, sagt Herr Hoffmann und guckt raus (er findet es gar nicht lustig). Keine Narren, keine Schnapsdrossel, keine verkleideten Immobilienmakler, die einmal im Jahr zum Lachen aus dem Keller kommen, keine Sch\u00fcler, denen er Alkohol und lose Zigaretten verkaufen kann, keine Horden Betrunkener, die seine Biervorr\u00e4te aufkaufen, ihm die Weinpullen aus dem Regal rei\u00dfen. Niemand. \u201eStille Nacht. Heilige Nacht,\u201c singt Herr Hoffmann und l\u00e4chelt einsam in sein B\u00fcdchen rein.<\/p>\n\n\n\n<p>Das T\u00fcrgl\u00f6ckchen l\u00e4utet. Es ist Lukas. \u201eHallo, Herr Hoffmann\u201c, gr\u00fc\u00dft der Student. \u201eLukas\u201c, sagt Herr Hoffmann kurz angebunden und greift hinter sich nach den Zigaretten. \u201eUnd sch\u00f6n am Karneval feiern?\u201c, fragt Lukas und holt eine rote Pappnase aus seinem Jutebeutel und lacht. \u201eDu solltest mal lieber einen Mundschutz statt deine rote Nase aufsetzen\u201c, sagt Herr Hoffmann. \u201eWir sind doch ein Haushalt,\u201c Lukas grinst immer noch. Er setzt sich die Nase auf. \u201eDas w\u00fcsste ich aber\u201c, erwidert Herr Hoffmann. \u201eIch will hier kein \u00c4rger haben, Lukas. Maske.\u201c Herr Hoffmann guckt \u00e4rgerlich. Das T\u00fcrgl\u00f6ckchen l\u00e4utet erneut. Zwei M\u00e4nner in Uniform betreten den Kiosk. \u201eOrdnungsamt. Warum werden hier keine Masken getragen?\u201c Da haben wir den Salat, denkt Herr Hoffmann und guckt sauer zu Lukas. Der Student grinst immer noch doof. Herr Hoffmann versucht sich zu rechtfertigen, aber einer der M\u00e4nner hebt seine Hand, als Zeichen das Herr Hoffmann schweigen soll. \u201eSchweigen Sie.\u201c Dann lachen die Beiden. \u201eVerarscht\u201c, schreit der Eine und auch der andere ist ganz aus dem H\u00e4uschen, dass Herr Hoffmann auf ihren Streich reingefallen ist. \u201eN\u00e4chstes Jahr muss ich das wieder den ganzen Tag ertragen\u201c, fl\u00fcstert Herr Hoffmann. Lukas und die beiden Idioten verlassen den Kiosk. Noch einmal l\u00e4utet beim Rausgehen das T\u00fcrgl\u00f6ckchen, Dann ist es still. \u201eStille Nacht, heilige Nacht\u201c, singt Herr Hoffman und empfindet auf einmal Flock- und Lockdown als gro\u00dfe Wohltat.<\/p>\n","protected":false},"excerpt":{"rendered":"<p>Herr Hoffmann steht hinter seiner Theke. Es ist Februar. Rosenmontag. F\u00fcr Herrn Hoffmann ist Karneval einer der umsatzst\u00e4rksten Tage. Aber nicht in diesem Jahr. In diesem Jahr ist Corona und Schnee. Lockdown und Flockdown sagen sie im Radio. \u201eDie sind ja lustig\u201c, sagt Herr Hoffmann und guckt raus (er findet es gar nicht lustig). Keine [&hellip;]<\/p>\n","protected":false},"author":1,"featured_media":0,"comment_status":"open","ping_status":"open","sticky":false,"template":"","format":"standard","meta":{"footnotes":""},"categories":[1,19],"tags":[],"class_list":["post-1130","post","type-post","status-publish","format-standard","hentry","category-allgemein","category-hoffmanns-buedchen"],"_links":{"self":[{"href":"http:\/\/ruhmundelend.de\/Blog\/wp-json\/wp\/v2\/posts\/1130"}],"collection":[{"href":"http:\/\/ruhmundelend.de\/Blog\/wp-json\/wp\/v2\/posts"}],"about":[{"href":"http:\/\/ruhmundelend.de\/Blog\/wp-json\/wp\/v2\/types\/post"}],"author":[{"embeddable":true,"href":"http:\/\/ruhmundelend.de\/Blog\/wp-json\/wp\/v2\/users\/1"}],"replies":[{"embeddable":true,"href":"http:\/\/ruhmundelend.de\/Blog\/wp-json\/wp\/v2\/comments?post=1130"}],"version-history":[{"count":3,"href":"http:\/\/ruhmundelend.de\/Blog\/wp-json\/wp\/v2\/posts\/1130\/revisions"}],"predecessor-version":[{"id":1134,"href":"http:\/\/ruhmundelend.de\/Blog\/wp-json\/wp\/v2\/posts\/1130\/revisions\/1134"}],"wp:attachment":[{"href":"http:\/\/ruhmundelend.de\/Blog\/wp-json\/wp\/v2\/media?parent=1130"}],"wp:term":[{"taxonomy":"category","embeddable":true,"href":"http:\/\/ruhmundelend.de\/Blog\/wp-json\/wp\/v2\/categories?post=1130"},{"taxonomy":"post_tag","embeddable":true,"href":"http:\/\/ruhmundelend.de\/Blog\/wp-json\/wp\/v2\/tags?post=1130"}],"curies":[{"name":"wp","href":"https:\/\/api.w.org\/{rel}","templated":true}]}}