{"id":1059,"date":"2021-03-24T13:48:24","date_gmt":"2021-03-24T12:48:24","guid":{"rendered":"http:\/\/ruhmundelend.de\/Blog\/?p=1059"},"modified":"2021-10-08T15:14:41","modified_gmt":"2021-10-08T13:14:41","slug":"hoffmanns-buedchen-9-herr-hoffmann-und-die-gangster","status":"publish","type":"post","link":"http:\/\/ruhmundelend.de\/Blog\/2021\/03\/24\/hoffmanns-buedchen-9-herr-hoffmann-und-die-gangster\/","title":{"rendered":"Hoffmanns B\u00fcdchen #9 &#8211; Herr Hoffmann und die Gangster"},"content":{"rendered":"<p>Herr Hoffmann steht hinter seiner Theke. Das T\u00fcrgl\u00f6ckchen l\u00e4utet. Zwei Gangster nat\u00fcrlich mit G-Star T-Shirt, damit man auch Bescheid wei\u00df, betreten den Kiosk. Herr Hoffmann kratzt sich am Kopf, er reibt sich das Ohr, er \u00fcberlegt. Irgendwas stimmt hier nicht, denkt er. Dann wei\u00df er es. Sie sind in M\u00fcnster und hier in der Provinz gibt es gar keine Gangster. Herr Hoffmann lacht, weil er den Fehler gefunden hat. Die beiden Windbeutel dagegen rennen mit hochroten Kopf aus dem B\u00fcdchen. Sie dachten nicht, dass man ihnen so schnell auf die Schliche kommt. Aber einen Herr Hoffmann f\u00fchrt man nicht aufs Glatteis.<\/p>\n","protected":false},"excerpt":{"rendered":"<p>Herr Hoffmann steht hinter seiner Theke. Das T\u00fcrgl\u00f6ckchen l\u00e4utet. Zwei Gangster nat\u00fcrlich mit G-Star T-Shirt, damit man auch Bescheid wei\u00df, betreten den Kiosk. Herr Hoffmann kratzt sich am Kopf, er reibt sich das Ohr, er \u00fcberlegt. Irgendwas stimmt hier nicht, denkt er. Dann wei\u00df er es. Sie sind in M\u00fcnster und hier in der Provinz [&hellip;]<\/p>\n","protected":false},"author":1,"featured_media":0,"comment_status":"open","ping_status":"open","sticky":false,"template":"","format":"standard","meta":{"footnotes":""},"categories":[1,19],"tags":[],"class_list":["post-1059","post","type-post","status-publish","format-standard","hentry","category-allgemein","category-hoffmanns-buedchen"],"_links":{"self":[{"href":"http:\/\/ruhmundelend.de\/Blog\/wp-json\/wp\/v2\/posts\/1059"}],"collection":[{"href":"http:\/\/ruhmundelend.de\/Blog\/wp-json\/wp\/v2\/posts"}],"about":[{"href":"http:\/\/ruhmundelend.de\/Blog\/wp-json\/wp\/v2\/types\/post"}],"author":[{"embeddable":true,"href":"http:\/\/ruhmundelend.de\/Blog\/wp-json\/wp\/v2\/users\/1"}],"replies":[{"embeddable":true,"href":"http:\/\/ruhmundelend.de\/Blog\/wp-json\/wp\/v2\/comments?post=1059"}],"version-history":[{"count":2,"href":"http:\/\/ruhmundelend.de\/Blog\/wp-json\/wp\/v2\/posts\/1059\/revisions"}],"predecessor-version":[{"id":1061,"href":"http:\/\/ruhmundelend.de\/Blog\/wp-json\/wp\/v2\/posts\/1059\/revisions\/1061"}],"wp:attachment":[{"href":"http:\/\/ruhmundelend.de\/Blog\/wp-json\/wp\/v2\/media?parent=1059"}],"wp:term":[{"taxonomy":"category","embeddable":true,"href":"http:\/\/ruhmundelend.de\/Blog\/wp-json\/wp\/v2\/categories?post=1059"},{"taxonomy":"post_tag","embeddable":true,"href":"http:\/\/ruhmundelend.de\/Blog\/wp-json\/wp\/v2\/tags?post=1059"}],"curies":[{"name":"wp","href":"https:\/\/api.w.org\/{rel}","templated":true}]}}