{"id":1049,"date":"2021-03-19T16:44:10","date_gmt":"2021-03-19T15:44:10","guid":{"rendered":"http:\/\/ruhmundelend.de\/Blog\/?p=1049"},"modified":"2021-10-08T15:14:56","modified_gmt":"2021-10-08T13:14:56","slug":"kaffeeklatsch-kulturgespraeche-mit-nele-mueller-spoken-word-slam-poetry","status":"publish","type":"post","link":"http:\/\/ruhmundelend.de\/Blog\/2021\/03\/19\/kaffeeklatsch-kulturgespraeche-mit-nele-mueller-spoken-word-slam-poetry\/","title":{"rendered":"Kaffeeklatsch &#8211; Kulturgespr\u00e4che mit Nele M\u00fcller (Spoken Word &#8211; Slam Poetry)"},"content":{"rendered":"<p>Am 9. M\u00e4rz war die Slam Poetin Nele M\u00fcller auf meinem Roten Sofa beim Kaffeeklatsch. Eine halbe Stunde \u00fcber Poetry Slam, Workshops, politische Kunst und die wundervolle Welt.<\/p>\n<p><iframe loading=\"lazy\" src=\"https:\/\/open.spotify.com\/embed-podcast\/episode\/5wFVXN4gfnHzm0iCGdxw2B\" width=\"100%\" height=\"232\" frameborder=\"0\"><\/iframe><\/p>\n","protected":false},"excerpt":{"rendered":"<p>Am 9. M\u00e4rz war die Slam Poetin Nele M\u00fcller auf meinem Roten Sofa beim Kaffeeklatsch. Eine halbe Stunde \u00fcber Poetry Slam, Workshops, politische Kunst und die wundervolle Welt.<\/p>\n","protected":false},"author":1,"featured_media":0,"comment_status":"open","ping_status":"open","sticky":false,"template":"","format":"standard","meta":{"footnotes":""},"categories":[1,19],"tags":[],"class_list":["post-1049","post","type-post","status-publish","format-standard","hentry","category-allgemein","category-hoffmanns-buedchen"],"_links":{"self":[{"href":"http:\/\/ruhmundelend.de\/Blog\/wp-json\/wp\/v2\/posts\/1049"}],"collection":[{"href":"http:\/\/ruhmundelend.de\/Blog\/wp-json\/wp\/v2\/posts"}],"about":[{"href":"http:\/\/ruhmundelend.de\/Blog\/wp-json\/wp\/v2\/types\/post"}],"author":[{"embeddable":true,"href":"http:\/\/ruhmundelend.de\/Blog\/wp-json\/wp\/v2\/users\/1"}],"replies":[{"embeddable":true,"href":"http:\/\/ruhmundelend.de\/Blog\/wp-json\/wp\/v2\/comments?post=1049"}],"version-history":[{"count":3,"href":"http:\/\/ruhmundelend.de\/Blog\/wp-json\/wp\/v2\/posts\/1049\/revisions"}],"predecessor-version":[{"id":1052,"href":"http:\/\/ruhmundelend.de\/Blog\/wp-json\/wp\/v2\/posts\/1049\/revisions\/1052"}],"wp:attachment":[{"href":"http:\/\/ruhmundelend.de\/Blog\/wp-json\/wp\/v2\/media?parent=1049"}],"wp:term":[{"taxonomy":"category","embeddable":true,"href":"http:\/\/ruhmundelend.de\/Blog\/wp-json\/wp\/v2\/categories?post=1049"},{"taxonomy":"post_tag","embeddable":true,"href":"http:\/\/ruhmundelend.de\/Blog\/wp-json\/wp\/v2\/tags?post=1049"}],"curies":[{"name":"wp","href":"https:\/\/api.w.org\/{rel}","templated":true}]}}