{"id":1024,"date":"2021-03-08T13:56:47","date_gmt":"2021-03-08T12:56:47","guid":{"rendered":"http:\/\/ruhmundelend.de\/Blog\/?p=1024"},"modified":"2021-10-08T15:15:22","modified_gmt":"2021-10-08T13:15:22","slug":"hoffmanns-buedchen-die-geschichte-beginnt","status":"publish","type":"post","link":"http:\/\/ruhmundelend.de\/Blog\/2021\/03\/08\/hoffmanns-buedchen-die-geschichte-beginnt\/","title":{"rendered":"Hoffmanns B\u00fcdchen &#8211; Die Geschichte beginnt"},"content":{"rendered":"<p>Herr Hoffmann steht hinter seiner Theke. Eigentlich alles wie immer. Pl\u00f6tzlich wird die T\u00fcr aufgerissen, das Gl\u00f6ckchen \u00fcber der T\u00fcr klingelt schneller als sonst. Man merkt sofort, da stimmt etwas nicht. Eine Frau kommt in den Laden. Sie dr\u00fcckt die T\u00fcr hinter sich zu, guckt \u00e4ngstlich raus. Herr Hoffmann wei\u00df auch nicht, was er jetzt sagen soll und sagt erst Mal \u201eGuten Tag\u201c. Die Frau dreht sich zu ihm um, l\u00e4chelt, sagt \u201eGuten Tag\u201c, dann stirbt sie. Herr Hoffmann ruft die Polizei und sie finden ihn kurze Zeit sp\u00e4ter immer noch an der Stelle, von der er alles gesehen hat. Die Presse will am n\u00e4chsten Tag wissen, ob er Angst hatte. Herr Hoffmann hatte keine Angst.<\/p>\n","protected":false},"excerpt":{"rendered":"<p>Herr Hoffmann steht hinter seiner Theke. Eigentlich alles wie immer. Pl\u00f6tzlich wird die T\u00fcr aufgerissen, das Gl\u00f6ckchen \u00fcber der T\u00fcr klingelt schneller als sonst. Man merkt sofort, da stimmt etwas nicht. Eine Frau kommt in den Laden. Sie dr\u00fcckt die T\u00fcr hinter sich zu, guckt \u00e4ngstlich raus. Herr Hoffmann wei\u00df auch nicht, was er jetzt [&hellip;]<\/p>\n","protected":false},"author":1,"featured_media":0,"comment_status":"open","ping_status":"open","sticky":false,"template":"","format":"standard","meta":{"footnotes":""},"categories":[1,19],"tags":[],"class_list":["post-1024","post","type-post","status-publish","format-standard","hentry","category-allgemein","category-hoffmanns-buedchen"],"_links":{"self":[{"href":"http:\/\/ruhmundelend.de\/Blog\/wp-json\/wp\/v2\/posts\/1024"}],"collection":[{"href":"http:\/\/ruhmundelend.de\/Blog\/wp-json\/wp\/v2\/posts"}],"about":[{"href":"http:\/\/ruhmundelend.de\/Blog\/wp-json\/wp\/v2\/types\/post"}],"author":[{"embeddable":true,"href":"http:\/\/ruhmundelend.de\/Blog\/wp-json\/wp\/v2\/users\/1"}],"replies":[{"embeddable":true,"href":"http:\/\/ruhmundelend.de\/Blog\/wp-json\/wp\/v2\/comments?post=1024"}],"version-history":[{"count":3,"href":"http:\/\/ruhmundelend.de\/Blog\/wp-json\/wp\/v2\/posts\/1024\/revisions"}],"predecessor-version":[{"id":1027,"href":"http:\/\/ruhmundelend.de\/Blog\/wp-json\/wp\/v2\/posts\/1024\/revisions\/1027"}],"wp:attachment":[{"href":"http:\/\/ruhmundelend.de\/Blog\/wp-json\/wp\/v2\/media?parent=1024"}],"wp:term":[{"taxonomy":"category","embeddable":true,"href":"http:\/\/ruhmundelend.de\/Blog\/wp-json\/wp\/v2\/categories?post=1024"},{"taxonomy":"post_tag","embeddable":true,"href":"http:\/\/ruhmundelend.de\/Blog\/wp-json\/wp\/v2\/tags?post=1024"}],"curies":[{"name":"wp","href":"https:\/\/api.w.org\/{rel}","templated":true}]}}